{"id":222828,"date":"2022-03-10T21:37:52","date_gmt":"2022-03-10T19:37:52","guid":{"rendered":"http:\/\/107.6.182.27\/es\/?p=222828"},"modified":"2023-01-10T14:19:37","modified_gmt":"2023-01-10T12:19:37","slug":"pyongyang-otorga-la-orden-de-amistad-al-embajador-sirio-por-el-termino-de-sus-misiones","status":"publish","type":"post","link":"https:\/\/archive.sana.sy\/es\/?p=222828","title":{"rendered":"Pyongyang otorga la Orden de Amistad al embajador sirio por el t\u00e9rmino de sus misiones"},"content":{"rendered":"<p style=\"text-align: justify;\"><span style=\"color: #800000;\"><strong>Pyongyang, 10 mar (SANA)\u00a0 \u00a0<\/strong><\/span>La Presidencia de la Asamblea Popular Suprema de la Rep\u00fablica Democr\u00e1tica de Corea realiz\u00f3 una fiesta de despedida del embajador, Tammam Suleiman, con motivo del fin de sus funciones como embajador de Siria en Pyongyang.<\/p>\n<p style=\"text-align: justify;\"><img loading=\"lazy\" decoding=\"async\" class=\"wp-image-222830 size-medium alignright\" src=\"http:\/\/107.6.182.27\/es\/wp-content\/uploads\/2022\/03\/000000-4-300x168.jpg\" alt=\"\" width=\"300\" height=\"168\" srcset=\"https:\/\/archive.sana.sy\/es\/wp-content\/uploads\/2022\/03\/000000-4-300x168.jpg 300w, https:\/\/archive.sana.sy\/es\/wp-content\/uploads\/2022\/03\/000000-4-150x84.jpg 150w, https:\/\/archive.sana.sy\/es\/wp-content\/uploads\/2022\/03\/000000-4.jpg 660w\" sizes=\"(max-width: 300px) 100vw, 300px\" \/><\/p>\n<p style=\"text-align: justify;\">El titular sirio, a su vez, transmiti\u00f3 al vicepresidente de la Comisi\u00f3n los saludos del presidente Bashar al-Assad al presidente de la RPDC, Kim Jong Un.<\/p>\n<p style=\"text-align: justify;\">El vicepresidente de la Comisi\u00f3n, Kang Yoon-suk, expres\u00f3 su agradecimiento a Siria, en tanto liderazgo y pueblo, por su continuo apoyo a la RPDC y sus posturas.<\/p>\n<p style=\"text-align: justify;\">\u201cFue el sabio liderazgo del presidente al-Assad el que preserv\u00f3 la tierra siria de caer bajo la hegemon\u00eda de Washington\u201d, declar\u00f3.<\/p>\n<p style=\"text-align: justify;\">Se\u00f1al\u00f3 la profundidad de las relaciones arraigadas entre los dos pa\u00edses amigos a lo largo de la historia, que se desarrollan constantemente.<\/p>\n<p style=\"text-align: justify;\">El funcionario coreano otorg\u00f3 al embajador sirio la Orden de la Amistad en reconocimiento a sus esfuerzos al servicio de las relaciones bilaterales entre ambos pa\u00edses.<\/p>\n<p style=\"text-align: justify;\">Por su parte, el diplom\u00e1tico sirio subray\u00f3 que las relaciones entre la RPDC y Siria son un modelo avanzado de relaciones bilaterales basadas en la voluntad nacional de los dos pueblos amigos frente a los planes imperialistas de EE.UU. destinados a someter a los pa\u00edses a su hegemon\u00eda.<\/p>\n<p style=\"text-align: justify;\">sm\/rsh<\/p>\n","protected":false},"excerpt":{"rendered":"<p>Pyongyang, 10 mar (SANA)\u00a0 \u00a0La Presidencia de la Asamblea Popular Suprema de la Rep\u00fablica Democr\u00e1tica de Corea realiz\u00f3 una fiesta de despedida del embajador, Tammam Suleiman, con motivo del fin de sus funciones como embajador de Siria en Pyongyang. El titular sirio, a su vez, transmiti\u00f3 al vicepresidente de la Comisi\u00f3n los saludos del presidente &hellip;<\/p>\n","protected":false},"author":39,"featured_media":222829,"comment_status":"closed","ping_status":"closed","sticky":false,"template":"","format":"standard","meta":{"footnotes":""},"categories":[447,597,457,467,7541],"tags":[],"class_list":["post-222828","post","type-post","status-publish","format-standard","has-post-thumbnail","","category-local-politica","category-cinta-de-noticias","category-noticias-arabe-internacional-politica","category-siria-y-el-mundo","category-ultimas-noticias"],"_links":{"self":[{"href":"https:\/\/archive.sana.sy\/es\/index.php?rest_route=\/wp\/v2\/posts\/222828"}],"collection":[{"href":"https:\/\/archive.sana.sy\/es\/index.php?rest_route=\/wp\/v2\/posts"}],"about":[{"href":"https:\/\/archive.sana.sy\/es\/index.php?rest_route=\/wp\/v2\/types\/post"}],"author":[{"embeddable":true,"href":"https:\/\/archive.sana.sy\/es\/index.php?rest_route=\/wp\/v2\/users\/39"}],"replies":[{"embeddable":true,"href":"https:\/\/archive.sana.sy\/es\/index.php?rest_route=%2Fwp%2Fv2%2Fcomments&post=222828"}],"version-history":[{"count":0,"href":"https:\/\/archive.sana.sy\/es\/index.php?rest_route=\/wp\/v2\/posts\/222828\/revisions"}],"wp:featuredmedia":[{"embeddable":true,"href":"https:\/\/archive.sana.sy\/es\/index.php?rest_route=\/wp\/v2\/media\/222829"}],"wp:attachment":[{"href":"https:\/\/archive.sana.sy\/es\/index.php?rest_route=%2Fwp%2Fv2%2Fmedia&parent=222828"}],"wp:term":[{"taxonomy":"category","embeddable":true,"href":"https:\/\/archive.sana.sy\/es\/index.php?rest_route=%2Fwp%2Fv2%2Fcategories&post=222828"},{"taxonomy":"post_tag","embeddable":true,"href":"https:\/\/archive.sana.sy\/es\/index.php?rest_route=%2Fwp%2Fv2%2Ftags&post=222828"}],"curies":[{"name":"wp","href":"https:\/\/api.w.org\/{rel}","templated":true}]}}