{"id":222924,"date":"2022-03-11T14:35:58","date_gmt":"2022-03-11T12:35:58","guid":{"rendered":"http:\/\/107.6.182.27\/es\/?p=222924"},"modified":"2023-01-10T16:37:50","modified_gmt":"2023-01-10T14:37:50","slug":"despues-de-77-anos-rusia-elimina-nuevo-foco-del-nazismo-afirma-el-jefe-de-inteligencia-rusa","status":"publish","type":"post","link":"https:\/\/archive.sana.sy\/es\/?p=222924","title":{"rendered":"Despu\u00e9s de 77 a\u00f1os, Rusia elimina nuevo foco del nazismo, afirma el jefe de Inteligencia Rusa"},"content":{"rendered":"<p style=\"text-align: justify;\"><span style=\"color: #800000;\"><strong>Mosc\u00fa, 11 mar (SANA)\u00a0<\/strong> <\/span>\u00a0El director de Inteligencia Exterior de Rusia, Sergey Naryshkin, anunci\u00f3 que su pa\u00eds, con la operaci\u00f3n militar para proteger el Donb\u00e1s, emprende nuevamente la tarea de eliminar un peligroso foco neonazi en Europa.<\/p>\n<p style=\"text-align: justify;\">&#8220;La operaci\u00f3n militar especial rusa contin\u00faa para proteger la poblaci\u00f3n civil de las rep\u00fablicas de Donetsk y Lugansk del genocidio cometido por el r\u00e9gimen de Kiev y para preservar nuestra seguridad nacional&#8221;, inform\u00f3 la agencia de noticias RIA Novosti citando a Naryshkin.<\/p>\n<p style=\"text-align: justify;\">&#8220;Rusia, despu\u00e9s de 77 a\u00f1os de la gran victoria sobre la Alemania nazi de Hitler, se ve nuevamente obligada a cumplir una misi\u00f3n para eliminar una peligrosa concentraci\u00f3n neonazi en Europa&#8221;, agreg\u00f3.<\/p>\n<p style=\"text-align: justify;\">sm\/fm<\/p>\n","protected":false},"excerpt":{"rendered":"<p>Mosc\u00fa, 11 mar (SANA)\u00a0 \u00a0El director de Inteligencia Exterior de Rusia, Sergey Naryshkin, anunci\u00f3 que su pa\u00eds, con la operaci\u00f3n militar para proteger el Donb\u00e1s, emprende nuevamente la tarea de eliminar un peligroso foco neonazi en Europa. &#8220;La operaci\u00f3n militar especial rusa contin\u00faa para proteger la poblaci\u00f3n civil de las rep\u00fablicas de Donetsk y Lugansk &hellip;<\/p>\n","protected":false},"author":39,"featured_media":222925,"comment_status":"closed","ping_status":"closed","sticky":false,"template":"","format":"standard","meta":{"footnotes":""},"categories":[447,597,456,457,7541],"tags":[],"class_list":["post-222924","post","type-post","status-publish","format-standard","has-post-thumbnail","","category-local-politica","category-cinta-de-noticias","category-arabe-internacional-politica","category-noticias-arabe-internacional-politica","category-ultimas-noticias"],"_links":{"self":[{"href":"https:\/\/archive.sana.sy\/es\/index.php?rest_route=\/wp\/v2\/posts\/222924"}],"collection":[{"href":"https:\/\/archive.sana.sy\/es\/index.php?rest_route=\/wp\/v2\/posts"}],"about":[{"href":"https:\/\/archive.sana.sy\/es\/index.php?rest_route=\/wp\/v2\/types\/post"}],"author":[{"embeddable":true,"href":"https:\/\/archive.sana.sy\/es\/index.php?rest_route=\/wp\/v2\/users\/39"}],"replies":[{"embeddable":true,"href":"https:\/\/archive.sana.sy\/es\/index.php?rest_route=%2Fwp%2Fv2%2Fcomments&post=222924"}],"version-history":[{"count":0,"href":"https:\/\/archive.sana.sy\/es\/index.php?rest_route=\/wp\/v2\/posts\/222924\/revisions"}],"wp:featuredmedia":[{"embeddable":true,"href":"https:\/\/archive.sana.sy\/es\/index.php?rest_route=\/wp\/v2\/media\/222925"}],"wp:attachment":[{"href":"https:\/\/archive.sana.sy\/es\/index.php?rest_route=%2Fwp%2Fv2%2Fmedia&parent=222924"}],"wp:term":[{"taxonomy":"category","embeddable":true,"href":"https:\/\/archive.sana.sy\/es\/index.php?rest_route=%2Fwp%2Fv2%2Fcategories&post=222924"},{"taxonomy":"post_tag","embeddable":true,"href":"https:\/\/archive.sana.sy\/es\/index.php?rest_route=%2Fwp%2Fv2%2Ftags&post=222924"}],"curies":[{"name":"wp","href":"https:\/\/api.w.org\/{rel}","templated":true}]}}