{"id":222930,"date":"2022-03-11T15:21:31","date_gmt":"2022-03-11T13:21:31","guid":{"rendered":"http:\/\/107.6.182.27\/es\/?p=222930"},"modified":"2023-01-10T16:37:49","modified_gmt":"2023-01-10T14:37:49","slug":"borrell-admite-que-occidente-cometio-errores-en-sus-relaciones-con-rusia","status":"publish","type":"post","link":"https:\/\/archive.sana.sy\/es\/?p=222930","title":{"rendered":"Borrell admite que Occidente cometi\u00f3 errores en sus relaciones con Rusia"},"content":{"rendered":"<p style=\"text-align: justify;\"><span style=\"color: #800000;\"><strong>Par\u00eds, 11 mar (SANA)\u00a0 <\/strong><\/span>El encargado de Pol\u00edtica Exterior y de Seguridad de la UE, Josep Borrell, confirm\u00f3 que Occidente cometi\u00f3 varios errores con respecto a sus relaciones con Rusia, incluido su compromiso con Ucrania de unirse a la OTAN.<\/p>\n<p style=\"text-align: justify;\">&#8220;Estoy dispuesto a admitir que la UE cometi\u00f3 varios errores e impidi\u00f3 que Rusia se acercara a Occidente&#8221;, dijo el funcionario europeo durante una entrevista con un canal de televisi\u00f3n franc\u00e9s.<\/p>\n<p style=\"text-align: justify;\">Agreg\u00f3 que \u201chay cosas que propusimos y luego no pudimos implementar, como la promesa de que Ucrania y Georgia pasar\u00edan a formar parte de la OTAN\u201d.<\/p>\n<p style=\"text-align: justify;\">Se\u00f1al\u00f3 que los lazos con Rusia ser\u00e1n &#8220;fundamentalmente diferentes&#8221; despu\u00e9s que se acabe la operaci\u00f3n militar especial en Ucrania.<\/p>\n<p style=\"text-align: justify;\">sm\/fm<\/p>\n","protected":false},"excerpt":{"rendered":"<p>Par\u00eds, 11 mar (SANA)\u00a0 El encargado de Pol\u00edtica Exterior y de Seguridad de la UE, Josep Borrell, confirm\u00f3 que Occidente cometi\u00f3 varios errores con respecto a sus relaciones con Rusia, incluido su compromiso con Ucrania de unirse a la OTAN. &#8220;Estoy dispuesto a admitir que la UE cometi\u00f3 varios errores e impidi\u00f3 que Rusia se &hellip;<\/p>\n","protected":false},"author":39,"featured_media":222931,"comment_status":"closed","ping_status":"closed","sticky":false,"template":"","format":"standard","meta":{"footnotes":""},"categories":[447,597,456,457,7541],"tags":[],"class_list":["post-222930","post","type-post","status-publish","format-standard","has-post-thumbnail","","category-local-politica","category-cinta-de-noticias","category-arabe-internacional-politica","category-noticias-arabe-internacional-politica","category-ultimas-noticias"],"_links":{"self":[{"href":"https:\/\/archive.sana.sy\/es\/index.php?rest_route=\/wp\/v2\/posts\/222930"}],"collection":[{"href":"https:\/\/archive.sana.sy\/es\/index.php?rest_route=\/wp\/v2\/posts"}],"about":[{"href":"https:\/\/archive.sana.sy\/es\/index.php?rest_route=\/wp\/v2\/types\/post"}],"author":[{"embeddable":true,"href":"https:\/\/archive.sana.sy\/es\/index.php?rest_route=\/wp\/v2\/users\/39"}],"replies":[{"embeddable":true,"href":"https:\/\/archive.sana.sy\/es\/index.php?rest_route=%2Fwp%2Fv2%2Fcomments&post=222930"}],"version-history":[{"count":0,"href":"https:\/\/archive.sana.sy\/es\/index.php?rest_route=\/wp\/v2\/posts\/222930\/revisions"}],"wp:featuredmedia":[{"embeddable":true,"href":"https:\/\/archive.sana.sy\/es\/index.php?rest_route=\/wp\/v2\/media\/222931"}],"wp:attachment":[{"href":"https:\/\/archive.sana.sy\/es\/index.php?rest_route=%2Fwp%2Fv2%2Fmedia&parent=222930"}],"wp:term":[{"taxonomy":"category","embeddable":true,"href":"https:\/\/archive.sana.sy\/es\/index.php?rest_route=%2Fwp%2Fv2%2Fcategories&post=222930"},{"taxonomy":"post_tag","embeddable":true,"href":"https:\/\/archive.sana.sy\/es\/index.php?rest_route=%2Fwp%2Fv2%2Ftags&post=222930"}],"curies":[{"name":"wp","href":"https:\/\/api.w.org\/{rel}","templated":true}]}}