{"id":222974,"date":"2022-03-11T18:48:30","date_gmt":"2022-03-11T16:48:30","guid":{"rendered":"http:\/\/107.6.182.27\/es\/?p=222974"},"modified":"2022-03-11T18:49:02","modified_gmt":"2022-03-11T16:49:02","slug":"el-delegado-de-rusia-ante-las-naciones-unidas-vasily-nebenzia-afirma-durante-una-sesion-del-consejo-de-seguridad-el-peligro-biologico-alcanzara-a-todos-y-no-hay-limites-para-sus-riesgos","status":"publish","type":"post","link":"https:\/\/archive.sana.sy\/es\/?p=222974","title":{"rendered":"El delegado de Rusia ante las Naciones Unidas, Vasily Nebenzia, afirma durante una sesi\u00f3n del Consejo de Seguridad que el peligro biol\u00f3gico alcanzar\u00e1 a todos y no hay l\u00edmites para sus riesgos."},"content":{"rendered":"","protected":false},"excerpt":{"rendered":"","protected":false},"author":31,"featured_media":0,"comment_status":"closed","ping_status":"closed","sticky":false,"template":"","format":"standard","meta":{"footnotes":""},"categories":[596],"tags":[],"class_list":["post-222974","post","type-post","status-publish","format-standard","","category-urgente"],"_links":{"self":[{"href":"https:\/\/archive.sana.sy\/es\/index.php?rest_route=\/wp\/v2\/posts\/222974"}],"collection":[{"href":"https:\/\/archive.sana.sy\/es\/index.php?rest_route=\/wp\/v2\/posts"}],"about":[{"href":"https:\/\/archive.sana.sy\/es\/index.php?rest_route=\/wp\/v2\/types\/post"}],"author":[{"embeddable":true,"href":"https:\/\/archive.sana.sy\/es\/index.php?rest_route=\/wp\/v2\/users\/31"}],"replies":[{"embeddable":true,"href":"https:\/\/archive.sana.sy\/es\/index.php?rest_route=%2Fwp%2Fv2%2Fcomments&post=222974"}],"version-history":[{"count":0,"href":"https:\/\/archive.sana.sy\/es\/index.php?rest_route=\/wp\/v2\/posts\/222974\/revisions"}],"wp:attachment":[{"href":"https:\/\/archive.sana.sy\/es\/index.php?rest_route=%2Fwp%2Fv2%2Fmedia&parent=222974"}],"wp:term":[{"taxonomy":"category","embeddable":true,"href":"https:\/\/archive.sana.sy\/es\/index.php?rest_route=%2Fwp%2Fv2%2Fcategories&post=222974"},{"taxonomy":"post_tag","embeddable":true,"href":"https:\/\/archive.sana.sy\/es\/index.php?rest_route=%2Fwp%2Fv2%2Ftags&post=222974"}],"curies":[{"name":"wp","href":"https:\/\/api.w.org\/{rel}","templated":true}]}}