{"id":222980,"date":"2022-03-11T19:09:56","date_gmt":"2022-03-11T17:09:56","guid":{"rendered":"http:\/\/107.6.182.27\/es\/?p=222980"},"modified":"2023-01-10T16:37:48","modified_gmt":"2023-01-10T14:37:48","slug":"stoltenberg-la-otan-no-quiere-una-guerra-abierta-contra-rusia","status":"publish","type":"post","link":"https:\/\/archive.sana.sy\/es\/?p=222980","title":{"rendered":"Stoltenberg: La OTAN no quiere una guerra abierta contra Rusia"},"content":{"rendered":"<p style=\"text-align: justify;\"><span style=\"color: #800000;\"><strong>Ankara, 11 mar (SANA)\u00a0 \u00a0<\/strong><\/span>El secretario general de la OTAN, Jens Stoltenberg, anunci\u00f3 que la Alianza no quiere entrar en guerra abierta con Rusia, y descart\u00f3 nuevamente la imposici\u00f3n de una zona de exclusi\u00f3n a\u00e9rea sobre Ucrania.<\/p>\n<p style=\"text-align: justify;\">\u201cTenemos la responsabilidad de evitar que este conflicto se escale m\u00e1s all\u00e1 de la frontera de Ucrania y se convierta en una guerra global entre Rusia y la OTAN\u201d, inform\u00f3 Stoltenberg a la AFP, al margen de un foro celebrado en Turqu\u00eda hoy.<\/p>\n<p style=\"text-align: justify;\">Consider\u00f3 que la imposici\u00f3n de una zona de exclusi\u00f3n a\u00e9rea sobre Ucrania probablemente conllevar\u00eda a una guerra entre la OTAN y Mosc\u00fa.<\/p>\n<p style=\"text-align: justify;\">sm\/fm\/rr<\/p>\n","protected":false},"excerpt":{"rendered":"<p>Ankara, 11 mar (SANA)\u00a0 \u00a0El secretario general de la OTAN, Jens Stoltenberg, anunci\u00f3 que la Alianza no quiere entrar en guerra abierta con Rusia, y descart\u00f3 nuevamente la imposici\u00f3n de una zona de exclusi\u00f3n a\u00e9rea sobre Ucrania. \u201cTenemos la responsabilidad de evitar que este conflicto se escale m\u00e1s all\u00e1 de la frontera de Ucrania y &hellip;<\/p>\n","protected":false},"author":31,"featured_media":222981,"comment_status":"closed","ping_status":"closed","sticky":false,"template":"","format":"standard","meta":{"footnotes":""},"categories":[456],"tags":[],"class_list":["post-222980","post","type-post","status-publish","format-standard","has-post-thumbnail","","category-arabe-internacional-politica"],"_links":{"self":[{"href":"https:\/\/archive.sana.sy\/es\/index.php?rest_route=\/wp\/v2\/posts\/222980"}],"collection":[{"href":"https:\/\/archive.sana.sy\/es\/index.php?rest_route=\/wp\/v2\/posts"}],"about":[{"href":"https:\/\/archive.sana.sy\/es\/index.php?rest_route=\/wp\/v2\/types\/post"}],"author":[{"embeddable":true,"href":"https:\/\/archive.sana.sy\/es\/index.php?rest_route=\/wp\/v2\/users\/31"}],"replies":[{"embeddable":true,"href":"https:\/\/archive.sana.sy\/es\/index.php?rest_route=%2Fwp%2Fv2%2Fcomments&post=222980"}],"version-history":[{"count":0,"href":"https:\/\/archive.sana.sy\/es\/index.php?rest_route=\/wp\/v2\/posts\/222980\/revisions"}],"wp:featuredmedia":[{"embeddable":true,"href":"https:\/\/archive.sana.sy\/es\/index.php?rest_route=\/wp\/v2\/media\/222981"}],"wp:attachment":[{"href":"https:\/\/archive.sana.sy\/es\/index.php?rest_route=%2Fwp%2Fv2%2Fmedia&parent=222980"}],"wp:term":[{"taxonomy":"category","embeddable":true,"href":"https:\/\/archive.sana.sy\/es\/index.php?rest_route=%2Fwp%2Fv2%2Fcategories&post=222980"},{"taxonomy":"post_tag","embeddable":true,"href":"https:\/\/archive.sana.sy\/es\/index.php?rest_route=%2Fwp%2Fv2%2Ftags&post=222980"}],"curies":[{"name":"wp","href":"https:\/\/api.w.org\/{rel}","templated":true}]}}