{"id":222989,"date":"2022-03-11T20:25:15","date_gmt":"2022-03-11T18:25:15","guid":{"rendered":"http:\/\/107.6.182.27\/es\/?p=222989"},"modified":"2023-01-10T16:37:48","modified_gmt":"2023-01-10T14:37:48","slug":"ejercito-yemenita-ataca-con-15-drones-a-la-petrolera-aramco-en-arabia-saudita","status":"publish","type":"post","link":"https:\/\/archive.sana.sy\/es\/?p=222989","title":{"rendered":"Ej\u00e9rcito yemenita ataca con 15 drones a la petrolera \u201cAramco\u201d en Arabia Saudita"},"content":{"rendered":"<p style=\"text-align: justify;\"><span style=\"color: #800000;\"><strong>San\u00e1, 11 mar (SANA)\u00a0 \u00a0<\/strong><\/span>El ej\u00e9rcito yemenita atac\u00f3 este viernes la compa\u00f1\u00eda petrolera Aramco en la capital saudita, Riad.<\/p>\n<p style=\"text-align: justify;\">&#8220;En respuesta a la escalada y el asedio de la agresi\u00f3n saud\u00ed que impide la entrada de derivados de petr\u00f3leo, las fuerzas armadas atacaron con 9 drones la refiner\u00eda Aramco en Riad\u201d, cit\u00f3 el portal informativo \u201cAl-Masirah Net\u201d al portavoz de las Fuerzas Armadas de Yemen, el general de brigada Yahya Saree.<\/p>\n<p style=\"text-align: justify;\">Agreg\u00f3 que las fuerzas armadas tambi\u00e9n atacaron las instalaciones de Aramco en las regiones de Jizan y Abha y otros sitios sensibles con 6 otros drones.<\/p>\n<p style=\"text-align: justify;\">Afirm\u00f3 que las Fuerzas Armadas se encuentran en m\u00e1xima disposici\u00f3n para realizar operaciones militares en respuesta a la prohibici\u00f3n de entrada de derivados de petr\u00f3leo al pueblo yemen\u00ed.<\/p>\n<p style=\"text-align: justify;\">rr\/fm<\/p>\n","protected":false},"excerpt":{"rendered":"<p>San\u00e1, 11 mar (SANA)\u00a0 \u00a0El ej\u00e9rcito yemenita atac\u00f3 este viernes la compa\u00f1\u00eda petrolera Aramco en la capital saudita, Riad. &#8220;En respuesta a la escalada y el asedio de la agresi\u00f3n saud\u00ed que impide la entrada de derivados de petr\u00f3leo, las fuerzas armadas atacaron con 9 drones la refiner\u00eda Aramco en Riad\u201d, cit\u00f3 el portal informativo &hellip;<\/p>\n","protected":false},"author":31,"featured_media":222990,"comment_status":"closed","ping_status":"closed","sticky":false,"template":"","format":"standard","meta":{"footnotes":""},"categories":[456],"tags":[],"class_list":["post-222989","post","type-post","status-publish","format-standard","has-post-thumbnail","","category-arabe-internacional-politica"],"_links":{"self":[{"href":"https:\/\/archive.sana.sy\/es\/index.php?rest_route=\/wp\/v2\/posts\/222989"}],"collection":[{"href":"https:\/\/archive.sana.sy\/es\/index.php?rest_route=\/wp\/v2\/posts"}],"about":[{"href":"https:\/\/archive.sana.sy\/es\/index.php?rest_route=\/wp\/v2\/types\/post"}],"author":[{"embeddable":true,"href":"https:\/\/archive.sana.sy\/es\/index.php?rest_route=\/wp\/v2\/users\/31"}],"replies":[{"embeddable":true,"href":"https:\/\/archive.sana.sy\/es\/index.php?rest_route=%2Fwp%2Fv2%2Fcomments&post=222989"}],"version-history":[{"count":0,"href":"https:\/\/archive.sana.sy\/es\/index.php?rest_route=\/wp\/v2\/posts\/222989\/revisions"}],"wp:featuredmedia":[{"embeddable":true,"href":"https:\/\/archive.sana.sy\/es\/index.php?rest_route=\/wp\/v2\/media\/222990"}],"wp:attachment":[{"href":"https:\/\/archive.sana.sy\/es\/index.php?rest_route=%2Fwp%2Fv2%2Fmedia&parent=222989"}],"wp:term":[{"taxonomy":"category","embeddable":true,"href":"https:\/\/archive.sana.sy\/es\/index.php?rest_route=%2Fwp%2Fv2%2Fcategories&post=222989"},{"taxonomy":"post_tag","embeddable":true,"href":"https:\/\/archive.sana.sy\/es\/index.php?rest_route=%2Fwp%2Fv2%2Ftags&post=222989"}],"curies":[{"name":"wp","href":"https:\/\/api.w.org\/{rel}","templated":true}]}}