{"id":223025,"date":"2022-03-12T08:11:34","date_gmt":"2022-03-12T06:11:34","guid":{"rendered":"http:\/\/107.6.182.27\/es\/?p=223025"},"modified":"2023-01-10T16:37:47","modified_gmt":"2023-01-10T14:37:47","slug":"youtube-bloquea-los-canales-de-medios-rusos","status":"publish","type":"post","link":"https:\/\/archive.sana.sy\/es\/?p=223025","title":{"rendered":"YouTube bloquea los canales de medios rusos"},"content":{"rendered":"<p style=\"text-align: justify;\"><strong><span style=\"color: #800000;\">Nueva York, 12 mar (SANA)<\/span><\/strong>\u00a0 YouTube anunci\u00f3 un bloqueo inmediato a los canales de medios estatales rusos en todo el mundo como parte de la escalada de Estados Unidos contra Rusia debido a la operaci\u00f3n militar especial en Ucrania.<\/p>\n<p style=\"text-align: justify;\">La plataforma especializada en publicar videos en Internet inform\u00f3 que &#8220;prohibir\u00eda los canales de medios rusos financiados por el estado ruso&#8221;, y revel\u00f3 que hab\u00eda eliminado la p\u00e1gina de la operaci\u00f3n especial rusa en Ucrania.<\/p>\n<p style=\"text-align: justify;\">El Servicio Federal de Supervisi\u00f3n de Tecnolog\u00edas de la Informaci\u00f3n y las Comunicaciones de Rusia anunci\u00f3 la restricci\u00f3n del acceso a la red social &#8220;Instagram&#8221; debido a los llamados a la violencia contra los rusos, seg\u00fan inform\u00f3 Sputnik.<\/p>\n<p style=\"text-align: justify;\"><em>fm\/ws<\/em><\/p>\n","protected":false},"excerpt":{"rendered":"<p>Nueva York, 12 mar (SANA)\u00a0 YouTube anunci\u00f3 un bloqueo inmediato a los canales de medios estatales rusos en todo el mundo como parte de la escalada de Estados Unidos contra Rusia debido a la operaci\u00f3n militar especial en Ucrania. La plataforma especializada en publicar videos en Internet inform\u00f3 que &#8220;prohibir\u00eda los canales de medios rusos &hellip;<\/p>\n","protected":false},"author":35,"featured_media":223026,"comment_status":"closed","ping_status":"closed","sticky":false,"template":"","format":"standard","meta":{"footnotes":""},"categories":[597,456,457,7541],"tags":[],"class_list":["post-223025","post","type-post","status-publish","format-standard","has-post-thumbnail","","category-cinta-de-noticias","category-arabe-internacional-politica","category-noticias-arabe-internacional-politica","category-ultimas-noticias"],"_links":{"self":[{"href":"https:\/\/archive.sana.sy\/es\/index.php?rest_route=\/wp\/v2\/posts\/223025"}],"collection":[{"href":"https:\/\/archive.sana.sy\/es\/index.php?rest_route=\/wp\/v2\/posts"}],"about":[{"href":"https:\/\/archive.sana.sy\/es\/index.php?rest_route=\/wp\/v2\/types\/post"}],"author":[{"embeddable":true,"href":"https:\/\/archive.sana.sy\/es\/index.php?rest_route=\/wp\/v2\/users\/35"}],"replies":[{"embeddable":true,"href":"https:\/\/archive.sana.sy\/es\/index.php?rest_route=%2Fwp%2Fv2%2Fcomments&post=223025"}],"version-history":[{"count":0,"href":"https:\/\/archive.sana.sy\/es\/index.php?rest_route=\/wp\/v2\/posts\/223025\/revisions"}],"wp:featuredmedia":[{"embeddable":true,"href":"https:\/\/archive.sana.sy\/es\/index.php?rest_route=\/wp\/v2\/media\/223026"}],"wp:attachment":[{"href":"https:\/\/archive.sana.sy\/es\/index.php?rest_route=%2Fwp%2Fv2%2Fmedia&parent=223025"}],"wp:term":[{"taxonomy":"category","embeddable":true,"href":"https:\/\/archive.sana.sy\/es\/index.php?rest_route=%2Fwp%2Fv2%2Fcategories&post=223025"},{"taxonomy":"post_tag","embeddable":true,"href":"https:\/\/archive.sana.sy\/es\/index.php?rest_route=%2Fwp%2Fv2%2Ftags&post=223025"}],"curies":[{"name":"wp","href":"https:\/\/api.w.org\/{rel}","templated":true}]}}