{"id":223028,"date":"2022-03-12T08:17:00","date_gmt":"2022-03-12T06:17:00","guid":{"rendered":"http:\/\/107.6.182.27\/es\/?p=223028"},"modified":"2023-01-10T16:37:47","modified_gmt":"2023-01-10T14:37:47","slug":"declaraciones-de-kiev-sobre-central-de-chernobil-son-tergiversadoras-afirma-moscu","status":"publish","type":"post","link":"https:\/\/archive.sana.sy\/es\/?p=223028","title":{"rendered":"Declaraciones de Kiev sobre central de Chern\u00f3bil son tergiversadoras, afirma Mosc\u00fa"},"content":{"rendered":"<p style=\"text-align: justify;\"><strong><span style=\"color: #800000;\">Mosc\u00fa, 12 mar (SANA)\u00a0<\/span><\/strong> El Ministerio de Exteriores de Rusia calific\u00f3 de desinformadoras las declaraciones de Ucrania sobre el supuesto riesgo que representar\u00eda la central nuclear de Chern\u00f3bil despu\u00e9s de que las fuerzas rusas tomaran el control de la seguridad de esa instalaci\u00f3n.<\/p>\n<p style=\"text-align: justify;\">&#8220;Los dichos de Ucrania no se corresponden con la realidad, es pura desinformaci\u00f3n&#8221;, dijo la portavoz de la Canciller\u00eda rusa, Mar\u00eda Zaj\u00e1rovam citada por la agencia Sputnik.<\/p>\n<p style=\"text-align: justify;\">Cabe resaltar que el 24 de febrero, las fuerzas rusas tomaron el control de la averiada planta nuclear de Chern\u00f3bil, en el norte de Ucrania, para evitar que grupos ultranacionalistas ucranianos u organizaciones terroristas realicen actos que puedan comprometer la seguridad.<\/p>\n<p style=\"text-align: justify;\"><strong><em>fm\/ws<\/em><\/strong><\/p>\n","protected":false},"excerpt":{"rendered":"<p>Mosc\u00fa, 12 mar (SANA)\u00a0 El Ministerio de Exteriores de Rusia calific\u00f3 de desinformadoras las declaraciones de Ucrania sobre el supuesto riesgo que representar\u00eda la central nuclear de Chern\u00f3bil despu\u00e9s de que las fuerzas rusas tomaran el control de la seguridad de esa instalaci\u00f3n. &#8220;Los dichos de Ucrania no se corresponden con la realidad, es pura &hellip;<\/p>\n","protected":false},"author":35,"featured_media":223029,"comment_status":"closed","ping_status":"closed","sticky":false,"template":"","format":"standard","meta":{"footnotes":""},"categories":[597,456,457,7541],"tags":[],"class_list":["post-223028","post","type-post","status-publish","format-standard","has-post-thumbnail","","category-cinta-de-noticias","category-arabe-internacional-politica","category-noticias-arabe-internacional-politica","category-ultimas-noticias"],"_links":{"self":[{"href":"https:\/\/archive.sana.sy\/es\/index.php?rest_route=\/wp\/v2\/posts\/223028"}],"collection":[{"href":"https:\/\/archive.sana.sy\/es\/index.php?rest_route=\/wp\/v2\/posts"}],"about":[{"href":"https:\/\/archive.sana.sy\/es\/index.php?rest_route=\/wp\/v2\/types\/post"}],"author":[{"embeddable":true,"href":"https:\/\/archive.sana.sy\/es\/index.php?rest_route=\/wp\/v2\/users\/35"}],"replies":[{"embeddable":true,"href":"https:\/\/archive.sana.sy\/es\/index.php?rest_route=%2Fwp%2Fv2%2Fcomments&post=223028"}],"version-history":[{"count":0,"href":"https:\/\/archive.sana.sy\/es\/index.php?rest_route=\/wp\/v2\/posts\/223028\/revisions"}],"wp:featuredmedia":[{"embeddable":true,"href":"https:\/\/archive.sana.sy\/es\/index.php?rest_route=\/wp\/v2\/media\/223029"}],"wp:attachment":[{"href":"https:\/\/archive.sana.sy\/es\/index.php?rest_route=%2Fwp%2Fv2%2Fmedia&parent=223028"}],"wp:term":[{"taxonomy":"category","embeddable":true,"href":"https:\/\/archive.sana.sy\/es\/index.php?rest_route=%2Fwp%2Fv2%2Fcategories&post=223028"},{"taxonomy":"post_tag","embeddable":true,"href":"https:\/\/archive.sana.sy\/es\/index.php?rest_route=%2Fwp%2Fv2%2Ftags&post=223028"}],"curies":[{"name":"wp","href":"https:\/\/api.w.org\/{rel}","templated":true}]}}