{"id":223031,"date":"2022-03-12T08:22:28","date_gmt":"2022-03-12T06:22:28","guid":{"rendered":"http:\/\/107.6.182.27\/es\/?p=223031"},"modified":"2023-01-10T16:37:47","modified_gmt":"2023-01-10T14:37:47","slug":"zelensky-pretende-hundir-a-su-pais-en-el-caos-alerta-la-duma-de-rusia-a-los-ucranianos","status":"publish","type":"post","link":"https:\/\/archive.sana.sy\/es\/?p=223031","title":{"rendered":"Zelensky pretende hundir a su pa\u00eds en el caos, alerta la Duma de Rusia a los ucranianos"},"content":{"rendered":"<p style=\"text-align: justify;\"><strong><span style=\"color: #800000;\">Mosc\u00fa, 12 mar (SANA)\u00a0<\/span><\/strong> El miembro de la Duma estatal rusa y jefe de la Uni\u00f3n de Voluntarios de Donb\u00e1s, Alexander Borody, advirti\u00f3 a los ucranianos de que su presidente, Volodymir Zelensky, est\u00e1 tratando de sumir a su pa\u00eds en el caos.<\/p>\n<p style=\"text-align: justify;\">&#8220;Zelensky apuesta por llevar Ucrania a un estado de caos, y esto se considera una crueldad completa hacia el pueblo ucraniano que lo ha gobernado durante los \u00faltimos a\u00f1os&#8221;, dijo.<\/p>\n<p style=\"text-align: justify;\">Se\u00f1al\u00f3 que &#8220;Zelensky cumple las pretensiones de Occidente de involucrar al mayor n\u00famero posible de ciudadanos ucranianos en el conflicto con Rusia&#8221;.<\/p>\n<p style=\"text-align: justify;\">Asimismo, Borody destac\u00f3 que los pa\u00edses occidentales han llegado a comprender que est\u00e1n perdiendo las tierras que pretendieron convertir en trampol\u00edn para atacar a Rusia.<\/p>\n<p style=\"text-align: justify;\"><em>fm\/ws<\/em><\/p>\n","protected":false},"excerpt":{"rendered":"<p>Mosc\u00fa, 12 mar (SANA)\u00a0 El miembro de la Duma estatal rusa y jefe de la Uni\u00f3n de Voluntarios de Donb\u00e1s, Alexander Borody, advirti\u00f3 a los ucranianos de que su presidente, Volodymir Zelensky, est\u00e1 tratando de sumir a su pa\u00eds en el caos. &#8220;Zelensky apuesta por llevar Ucrania a un estado de caos, y esto se &hellip;<\/p>\n","protected":false},"author":35,"featured_media":223032,"comment_status":"closed","ping_status":"closed","sticky":false,"template":"","format":"standard","meta":{"footnotes":""},"categories":[597,456,457,583],"tags":[],"class_list":["post-223031","post","type-post","status-publish","format-standard","has-post-thumbnail","","category-cinta-de-noticias","category-arabe-internacional-politica","category-noticias-arabe-internacional-politica","category-slide"],"_links":{"self":[{"href":"https:\/\/archive.sana.sy\/es\/index.php?rest_route=\/wp\/v2\/posts\/223031"}],"collection":[{"href":"https:\/\/archive.sana.sy\/es\/index.php?rest_route=\/wp\/v2\/posts"}],"about":[{"href":"https:\/\/archive.sana.sy\/es\/index.php?rest_route=\/wp\/v2\/types\/post"}],"author":[{"embeddable":true,"href":"https:\/\/archive.sana.sy\/es\/index.php?rest_route=\/wp\/v2\/users\/35"}],"replies":[{"embeddable":true,"href":"https:\/\/archive.sana.sy\/es\/index.php?rest_route=%2Fwp%2Fv2%2Fcomments&post=223031"}],"version-history":[{"count":0,"href":"https:\/\/archive.sana.sy\/es\/index.php?rest_route=\/wp\/v2\/posts\/223031\/revisions"}],"wp:featuredmedia":[{"embeddable":true,"href":"https:\/\/archive.sana.sy\/es\/index.php?rest_route=\/wp\/v2\/media\/223032"}],"wp:attachment":[{"href":"https:\/\/archive.sana.sy\/es\/index.php?rest_route=%2Fwp%2Fv2%2Fmedia&parent=223031"}],"wp:term":[{"taxonomy":"category","embeddable":true,"href":"https:\/\/archive.sana.sy\/es\/index.php?rest_route=%2Fwp%2Fv2%2Fcategories&post=223031"},{"taxonomy":"post_tag","embeddable":true,"href":"https:\/\/archive.sana.sy\/es\/index.php?rest_route=%2Fwp%2Fv2%2Ftags&post=223031"}],"curies":[{"name":"wp","href":"https:\/\/api.w.org\/{rel}","templated":true}]}}