{"id":223034,"date":"2022-03-12T08:28:37","date_gmt":"2022-03-12T06:28:37","guid":{"rendered":"http:\/\/107.6.182.27\/es\/?p=223034"},"modified":"2023-01-10T16:37:47","modified_gmt":"2023-01-10T14:37:47","slug":"putin-y-lukashenko-acordaron-medidas-conjuntas-para-hacer-frente-a-las-sanciones-occidentales","status":"publish","type":"post","link":"https:\/\/archive.sana.sy\/es\/?p=223034","title":{"rendered":"Putin y Lukashenko acordaron medidas conjuntas para hacer frente a las sanciones occidentales"},"content":{"rendered":"<p style=\"text-align: justify;\"><strong><span style=\"color: #800000;\">Minsk, 12 mar (SANA)<\/span><\/strong>\u00a0 La presidencia bielorrusa anunci\u00f3 que los presidentes bielorruso Alexander Lukashenko y ruso Vladimir Putin acordaron durante sus conversaciones en Mosc\u00fa los pasos conjuntos para enfrentar las sanciones occidentales.<\/p>\n<p style=\"text-align: justify;\">&#8220;Parte de las conversaciones entre Putin y Lukashenko se dedic\u00f3 a temas urgentes en las relaciones bilaterales, la cooperaci\u00f3n frente a la presi\u00f3n de Occidente y Estados Unidos y la guerra h\u00edbrida en curso contra Rusia y Bielorrusia&#8221;, dijo la portavoz del presidente bielorruso, Natalia Esmont, citada por la agencia de noticias RIA Novosti.<\/p>\n<p style=\"text-align: justify;\">Agreg\u00f3 que &#8220;los dos mandatarios acordaron medidas conjuntas de apoyo mutuo para enfrentar las sanciones y mantener la estabilidad de los precios de los vectores energ\u00e9ticos en los dos pa\u00edses&#8221;.<\/p>\n<p style=\"text-align: justify;\">Los dos l\u00edderes abordaron tambi\u00e9n, seg\u00fan la vocera, la cooperaci\u00f3n en los campos de la industria, agricultura, transporte mar\u00edtimo y finanza.<\/p>\n<p style=\"text-align: justify;\"><em>fm\/ws<\/em><\/p>\n","protected":false},"excerpt":{"rendered":"<p>Minsk, 12 mar (SANA)\u00a0 La presidencia bielorrusa anunci\u00f3 que los presidentes bielorruso Alexander Lukashenko y ruso Vladimir Putin acordaron durante sus conversaciones en Mosc\u00fa los pasos conjuntos para enfrentar las sanciones occidentales. &#8220;Parte de las conversaciones entre Putin y Lukashenko se dedic\u00f3 a temas urgentes en las relaciones bilaterales, la cooperaci\u00f3n frente a la presi\u00f3n &hellip;<\/p>\n","protected":false},"author":35,"featured_media":223035,"comment_status":"closed","ping_status":"closed","sticky":false,"template":"","format":"standard","meta":{"footnotes":""},"categories":[597,456,457,7541],"tags":[],"class_list":["post-223034","post","type-post","status-publish","format-standard","has-post-thumbnail","","category-cinta-de-noticias","category-arabe-internacional-politica","category-noticias-arabe-internacional-politica","category-ultimas-noticias"],"_links":{"self":[{"href":"https:\/\/archive.sana.sy\/es\/index.php?rest_route=\/wp\/v2\/posts\/223034"}],"collection":[{"href":"https:\/\/archive.sana.sy\/es\/index.php?rest_route=\/wp\/v2\/posts"}],"about":[{"href":"https:\/\/archive.sana.sy\/es\/index.php?rest_route=\/wp\/v2\/types\/post"}],"author":[{"embeddable":true,"href":"https:\/\/archive.sana.sy\/es\/index.php?rest_route=\/wp\/v2\/users\/35"}],"replies":[{"embeddable":true,"href":"https:\/\/archive.sana.sy\/es\/index.php?rest_route=%2Fwp%2Fv2%2Fcomments&post=223034"}],"version-history":[{"count":0,"href":"https:\/\/archive.sana.sy\/es\/index.php?rest_route=\/wp\/v2\/posts\/223034\/revisions"}],"wp:featuredmedia":[{"embeddable":true,"href":"https:\/\/archive.sana.sy\/es\/index.php?rest_route=\/wp\/v2\/media\/223035"}],"wp:attachment":[{"href":"https:\/\/archive.sana.sy\/es\/index.php?rest_route=%2Fwp%2Fv2%2Fmedia&parent=223034"}],"wp:term":[{"taxonomy":"category","embeddable":true,"href":"https:\/\/archive.sana.sy\/es\/index.php?rest_route=%2Fwp%2Fv2%2Fcategories&post=223034"},{"taxonomy":"post_tag","embeddable":true,"href":"https:\/\/archive.sana.sy\/es\/index.php?rest_route=%2Fwp%2Fv2%2Ftags&post=223034"}],"curies":[{"name":"wp","href":"https:\/\/api.w.org\/{rel}","templated":true}]}}