{"id":22308,"date":"2015-04-30T21:32:54","date_gmt":"2015-04-30T18:32:54","guid":{"rendered":"http:\/\/sana.sy\/es\/?p=22308"},"modified":"2015-04-30T22:37:08","modified_gmt":"2015-04-30T19:37:08","slug":"al-saud-continua-su-agresion-contra-yemen","status":"publish","type":"post","link":"https:\/\/archive.sana.sy\/es\/?p=22308","title":{"rendered":"Al-Saud continua su agresi\u00f3n contra Yemen"},"content":{"rendered":"<p>San\u00e1-SANA<\/p>\n<p>La aviaci\u00f3n b\u00e9lica saud\u00ed ha continuado su agresi\u00f3n contra diferentes zonas en Yemen.<\/p>\n<p>Una fuente local anunci\u00f3 que los aviones saud\u00edes han dirigido un n\u00famero de ataques contra el palacio presidencial en la ciudad de Taiz y contra un campamento de la seguridad, causando la muerte de al menos cinco personas y heridas de siete.<\/p>\n<p>En la provincia Ad\u00e9n, las bombas lanzadas por las cazas del r\u00e9gimen de Al Saud tambi\u00e9n han impactado en varios distritos norte\u00f1os.<\/p>\n<p>El Batall\u00f3n de Defensa A\u00e9rea en la provincia de Marib y la Brigada 107 tambi\u00e9n han sido objeto de los ataques a\u00e9reos saud\u00edes.<\/p>\n<p>Yamil K.<\/p>\n","protected":false},"excerpt":{"rendered":"<p>San\u00e1-SANA La aviaci\u00f3n b\u00e9lica saud\u00ed ha continuado su agresi\u00f3n contra diferentes zonas en Yemen. Una fuente local anunci\u00f3 que los aviones saud\u00edes han dirigido un n\u00famero de ataques contra el palacio presidencial en la ciudad de Taiz y contra un campamento de la seguridad, causando la muerte de al menos cinco personas y heridas de &hellip;<\/p>\n","protected":false},"author":1,"featured_media":22309,"comment_status":"closed","ping_status":"closed","sticky":false,"template":"","format":"standard","meta":{"footnotes":""},"categories":[456,457,576],"tags":[],"class_list":["post-22308","post","type-post","status-publish","format-standard","has-post-thumbnail","","category-arabe-internacional-politica","category-noticias-arabe-internacional-politica","category-noticias-politicas"],"_links":{"self":[{"href":"https:\/\/archive.sana.sy\/es\/index.php?rest_route=\/wp\/v2\/posts\/22308"}],"collection":[{"href":"https:\/\/archive.sana.sy\/es\/index.php?rest_route=\/wp\/v2\/posts"}],"about":[{"href":"https:\/\/archive.sana.sy\/es\/index.php?rest_route=\/wp\/v2\/types\/post"}],"author":[{"embeddable":true,"href":"https:\/\/archive.sana.sy\/es\/index.php?rest_route=\/wp\/v2\/users\/1"}],"replies":[{"embeddable":true,"href":"https:\/\/archive.sana.sy\/es\/index.php?rest_route=%2Fwp%2Fv2%2Fcomments&post=22308"}],"version-history":[{"count":0,"href":"https:\/\/archive.sana.sy\/es\/index.php?rest_route=\/wp\/v2\/posts\/22308\/revisions"}],"wp:featuredmedia":[{"embeddable":true,"href":"https:\/\/archive.sana.sy\/es\/index.php?rest_route=\/wp\/v2\/media\/22309"}],"wp:attachment":[{"href":"https:\/\/archive.sana.sy\/es\/index.php?rest_route=%2Fwp%2Fv2%2Fmedia&parent=22308"}],"wp:term":[{"taxonomy":"category","embeddable":true,"href":"https:\/\/archive.sana.sy\/es\/index.php?rest_route=%2Fwp%2Fv2%2Fcategories&post=22308"},{"taxonomy":"post_tag","embeddable":true,"href":"https:\/\/archive.sana.sy\/es\/index.php?rest_route=%2Fwp%2Fv2%2Ftags&post=22308"}],"curies":[{"name":"wp","href":"https:\/\/api.w.org\/{rel}","templated":true}]}}