{"id":22316,"date":"2015-05-01T22:54:12","date_gmt":"2015-05-01T19:54:12","guid":{"rendered":"http:\/\/www.sanasyria.org\/es\/?p=22316"},"modified":"2015-05-02T13:03:28","modified_gmt":"2015-05-02T10:03:28","slug":"el-ejercito-intensifica-sus-operaciones-militares-contra-los-terroristas","status":"publish","type":"post","link":"https:\/\/archive.sana.sy\/es\/?p=22316","title":{"rendered":"El Ej\u00e9rcito intensifica  sus operaciones militares contra los terroristas"},"content":{"rendered":"<p style=\"text-align: justify\"><span style=\"color: #800000\">Provincias-SANA<\/span><\/p>\n<p style=\"text-align: justify\">El Ej\u00e9rcito llev\u00f3 a cabo el viernes m\u00e1s operaciones militares contra los terroristas, intensificando sus ataques a\u00e9reos en diversas \u00e1reas del pa\u00eds, y dejando grandes p\u00e9rdidas, tanto humanas como materiales, en las filas de los grupos terroristas.<\/p>\n<p style=\"text-align: justify\"><span style=\"color: #0000ff\">Damasco-Campo<\/span><\/p>\n<p style=\"text-align: justify\">En el campo de Damasco y, el ej\u00e9rcito logr\u00f3 acabar con numerosos terroristas y destruir armas y pertrechos mediante una serie de operativos llevados a cabo hoy contra zulos y concentraciones de los armados en las zonas de\u00a0 al-Gutta oriental, y en al-Kalamun.<\/p>\n<p style=\"text-align: justify\">Una fuente responsable dijo a la corresponsal de SANA, que fueron abatidos y heridos los integrantes del grupo terroristas, al-Nura, y de igual manera,\u00a0 pertrechos b\u00e9licos fueron destruidos en las granjas norte\u00f1as de Harasta.<\/p>\n<p style=\"text-align: justify\">Mientras tanto en las monta\u00f1as norte\u00f1as al-Kalamun, Asal al-Ward, Raas al-Maara\u00a0 fueron eliminados un n\u00famero de terroristas del frente al-Nusra.<\/p>\n<p style=\"text-align: justify\"><span style=\"color: #0000ff\">Idleb<\/span><\/p>\n<p style=\"text-align: justify\">Unidades del Ej\u00e9rcito destruyen escondites de los terroristas en Binnesh, Bzabour, Majdelia, Kfar Lata, M&#8217;arblit en el campo de la provincia de Idleb, dejando un gran n\u00famero de terroristas entre muertos y heridos, adem\u00e1s de la destrucci\u00f3n de sus armas y municiones.<\/p>\n<p style=\"text-align: justify\">Unidades del ej\u00e9rcito nacional infligieron bajas hoy a grupos terroristas armados en la periferia de Yiser al-Shugur\u00a0 en Idleb. Varios de los terroristas abatidos pertenecen al llamado \u201cfrente al-Nusra\u201d.<\/p>\n<p style=\"text-align: justify\">Asimismo han sido destruidos\u00a0 un coche bomba que\u00a0 Fue perpetrado por la banda terrorista, y otros veh\u00edculos cerca de la entrada sure\u00f1a de la ciudad.<\/p>\n<p style=\"text-align: justify\">A todo ello, la fuerza\u00a0 \u00e1rea\u00a0 ha bombardeado\u00a0 concentraciones de terroristas en Kefer Lata, Filon y Beklafon.\u00a0 De igual manera, la fuerza\u00a0 \u00e1rea\u00a0 ha destruido un convoy\u00a0 de grupos terroristas en el eje de Bezit y al-Mherfe,\u00a0 del campo de la ciudad, dejando a todos sus miembros muertos.<\/p>\n<p style=\"text-align: justify\"><span style=\"color: #0000ff\">Hama<\/span><\/p>\n<p style=\"text-align: justify\">En la provincia central Hama, el ej\u00e9rcito llev\u00f3 a cabo una redada nocturna en la periferia de la ciudad de al-Qahira en el campo de la provincia, matando a un n\u00famero de terroristas. En el mismo contexto las unidades est\u00e1n a la caza a los terroristas que huyeron cerca de al-Qahira y al-Enkawi.<\/p>\n<p style=\"text-align: justify\"><span style=\"color: #0000ff\">Homs<\/span><\/p>\n<p style=\"text-align: justify\">Unidades de las fuerzas del ej\u00e9rcito y de las fuerzas armados aniquilan un gran n\u00famero de terroristas en Arshuneh, al-Medrajeh, Rajm al-Aali, Rahum y Rajm al-Qaser , y destruyen dos veh\u00edculos, matando a todos los terroristas a bordo, cerca del pozo de petr\u00f3leo 105 en la zona de Jabal Shaer en el campo oriental de Homs.<\/p>\n<p style=\"text-align: justify\"><span style=\"color: #0000ff\">Alepo<\/span><\/p>\n<p style=\"text-align: justify\">El ej\u00e9rcito ha liberado operaciones militares a gran escala contra escondites terroristas, matando a muchos de ellos, en las aproximaciones de la Academia de la Fuerza A\u00e9rea, al-Lairamun, Salah-Eddin, al-Marjeh, al-Sajur, al-Inzarat, Qadi Askar, Bani Zaid, al-Maisar, Qubtan al-Jabal al-Breij, al-Atareb, Daret Izza y en Marin, en el campo de la ciudad de Alepo.<\/p>\n<p style=\"text-align: justify\">Una\u00a0 fuente militar le inform\u00f3 a SANA,\u00a0 que unas unidades del ej\u00e9rcito han bombardeado feudos terroristas en Anadan, Bustan al-Kaser, al-Saliheya, al-Kalaseh, Hanano, y en la ciudad vieja.<\/p>\n<p style=\"text-align: justify\"><span style=\"color: #0000ff\">Al-Hasakah<\/span><\/p>\n<p style=\"text-align: justify\">Unidades del ej\u00e9rcito han anzado opertativos militares contra los feudos terroristas\u00a0 de &#8220;Daesh&#8221; en la ciudad de al- Shaddadi, en el campo de la provincia, donde un gran n\u00famero de los insurgentes cayeron entre muertos y heridos, entre los cuales se inclu\u00edan cabecillas del (EI).<\/p>\n<p style=\"text-align: justify\">Seg\u00fan Una fuente en la provincia, el ej\u00e9rcito llev\u00f3 a cabo una operaci\u00f3n exitosa\u00a0 espec\u00edfica, contra un escondite de &#8220;Daash&#8221;, en la zona residencial\u00a0 al-Miataen, en el centro de la ciudad. Dicha operaci\u00f3n tuvo como objetivo acabar con cabecillas del (EI).<\/p>\n<p style=\"text-align: justify\"><span style=\"color: #0000ff\">Deraa<\/span><\/p>\n<p style=\"text-align: justify\">Unidades del ej\u00e9rcito infligieron bajas hoy al grupos terrorista llamado, el frente al-Nusra, en Deraa al-Balad.<\/p>\n<p style=\"text-align: justify\">Una fuente responsable dijo a SANA, que el ej\u00e9rcito destruy\u00f3 un escondite de cabecillas de los terroristas pertenecientes al \u201cfrente al-Nusra\u201d en la periferia del cementerio al-Bahar, y en las aproximaciones de la panader\u00eda al-Abasiin en la localidad Deraa al-Balad.<\/p>\n<p style=\"text-align: justify\">Asimismo, varios feudos terroristas han sido bombardeados por las unidades del ej\u00e9rcito en la aldea al-Nakub de la localidad al-Lajat en el campo de Deraa, donde los terroristas han sufrido grandes bajas tanto humanas como materiales.<\/p>\n<p><span style=\"color: #800000\">M.Miri<\/span><\/p>\n","protected":false},"excerpt":{"rendered":"<p>Provincias-SANA El Ej\u00e9rcito llev\u00f3 a cabo el viernes m\u00e1s operaciones militares contra los terroristas, intensificando sus ataques a\u00e9reos en diversas \u00e1reas del pa\u00eds, y dejando grandes p\u00e9rdidas, tanto humanas como materiales, en las filas de los grupos terroristas. Damasco-Campo En el campo de Damasco y, el ej\u00e9rcito logr\u00f3 acabar con numerosos terroristas y destruir armas &hellip;<\/p>\n","protected":false},"author":1,"featured_media":6043,"comment_status":"closed","ping_status":"closed","sticky":false,"template":"","format":"standard","meta":{"footnotes":""},"categories":[573],"tags":[5075],"class_list":["post-22316","post","type-post","status-publish","format-standard","has-post-thumbnail","","category-la-realidad-de-los-acontecimientos-en-siria","tag-el-ejercito-intensifica-sus-operaciones-militares-contra-los-terroristas"],"_links":{"self":[{"href":"https:\/\/archive.sana.sy\/es\/index.php?rest_route=\/wp\/v2\/posts\/22316"}],"collection":[{"href":"https:\/\/archive.sana.sy\/es\/index.php?rest_route=\/wp\/v2\/posts"}],"about":[{"href":"https:\/\/archive.sana.sy\/es\/index.php?rest_route=\/wp\/v2\/types\/post"}],"author":[{"embeddable":true,"href":"https:\/\/archive.sana.sy\/es\/index.php?rest_route=\/wp\/v2\/users\/1"}],"replies":[{"embeddable":true,"href":"https:\/\/archive.sana.sy\/es\/index.php?rest_route=%2Fwp%2Fv2%2Fcomments&post=22316"}],"version-history":[{"count":0,"href":"https:\/\/archive.sana.sy\/es\/index.php?rest_route=\/wp\/v2\/posts\/22316\/revisions"}],"wp:featuredmedia":[{"embeddable":true,"href":"https:\/\/archive.sana.sy\/es\/index.php?rest_route=\/wp\/v2\/media\/6043"}],"wp:attachment":[{"href":"https:\/\/archive.sana.sy\/es\/index.php?rest_route=%2Fwp%2Fv2%2Fmedia&parent=22316"}],"wp:term":[{"taxonomy":"category","embeddable":true,"href":"https:\/\/archive.sana.sy\/es\/index.php?rest_route=%2Fwp%2Fv2%2Fcategories&post=22316"},{"taxonomy":"post_tag","embeddable":true,"href":"https:\/\/archive.sana.sy\/es\/index.php?rest_route=%2Fwp%2Fv2%2Ftags&post=22316"}],"curies":[{"name":"wp","href":"https:\/\/api.w.org\/{rel}","templated":true}]}}