{"id":223185,"date":"2022-03-12T08:41:22","date_gmt":"2022-03-12T06:41:22","guid":{"rendered":"http:\/\/107.6.182.27\/es\/?p=223185"},"modified":"2023-01-10T16:37:46","modified_gmt":"2023-01-10T14:37:46","slug":"ucrania-occidente-sacrifica-a-su-peon","status":"publish","type":"post","link":"https:\/\/archive.sana.sy\/es\/?p=223185","title":{"rendered":"Ucrania: Occidente sacrifica a su pe\u00f3n"},"content":{"rendered":"<p style=\"text-align: justify;\"><span style=\"color: #800000;\"><strong>Damasco, 12 mar (SANA)<\/strong><\/span>\u00a0 \u00a0Los medios masivos occidentales est\u00e1n intentando victimizar al gobierno pro-OTAN de Ucrania, en momentos en que la determinaci\u00f3n del presidente de la Federaci\u00f3n Rusa ha puesto fin a un sinn\u00famero de agresiones de neto corte fascista.<\/p>\n<p style=\"text-align: justify;\">De la mano de la Uni\u00f3n Europea comienza en noviembre de 2013 la agitaci\u00f3n callejera contra el por entonces presidente ucraniano V\u00edktor Yanuk\u00f3vich para exigir su destituci\u00f3n, nace el Euromaid\u00e1n, (la \u201cEuroplaza\u201d) cuyo objetivo era la incorporaci\u00f3n de Ucrania a la UE.<\/p>\n<p style=\"text-align: justify;\">Pronto los \u201cmanifestantes espont\u00e1neos\u201d se mostraron como lo que en realidad eran, grupos operativos de calle entrenados y pertrechados con cascos, escudos y chalecos antibala. Grupos de ultraderecha tomaba la calle en un marco de intervencionismo burdo que incluy\u00f3 visita al maid\u00e1n del ultrarreaccionario senador de los EE.UU. John MacCain.<\/p>\n<p style=\"text-align: justify;\">En una escalada perfectamente organizada por occidente, el 20 de febrero de 2014 se repite el guion de francotiradores financiados por potencias occidentales que disparan a mansalva a ambos bandos, tal como vivi\u00f3 en su momento Venezuela. El 22 la \u201crevoluci\u00f3n de colores\u201d estaba consumada. El magnate fascista Petro Poroshenko llega a la presidencia al tiempo que hacen refer\u00e9ndums que favorecen al separatismo las regiones pro rusas de Crimea y la del Dombas: Lugansk y Donetsk.<\/p>\n<p style=\"text-align: justify;\">De all\u00ed en m\u00e1s se gener\u00f3 una escalada de ofensivas de Ucrania contra los territorios separatistas. Intentaron una limpieza \u00e9tnica rus\u00f3foba que sesg\u00f3 m\u00e1s de 14 mil vidas, con asesinatos a mansalva como la recordada masacre en la Casa de los Sindicatos de Odessa, donde grupos de la organizaci\u00f3n Sector Derecho quemaron vivas a medio centenar de personas. Se conformaron milicias nazis como el Batall\u00f3n Azov y las de Svoboda. Los acuerdos de paz de Minsk fueron una y otra vez violados por Ucrania.<\/p>\n<p style=\"text-align: justify;\">Desde 2014 las nacientes rep\u00fablicas separatistas soportaron un fuerte asedio, continuado por el hasta estos d\u00edas presidente de Ucrania, el c\u00f3mico Volodomir Zelenski. Este, envalentonado, crey\u00f3 que la paciencia rusa era signo de debilidad e hizo una jugada extrema: empez\u00f3 a emplazar misiles de la OTAN a escasos 5 o 7 minutos de Mosc\u00fa.<\/p>\n<p style=\"text-align: justify;\">Una vez m\u00e1s los acuerdos Baker-Gorbachov, que imped\u00edan la expansi\u00f3n de la OTAN al oriente, eran letra muerta. Rusia reconoci\u00f3 a las nacientes rep\u00fablicas del Donbas y ante la continuidad de ataques de Ucrania, Rusia decidi\u00f3 comenzar acciones. Se repiten las vergonzosas escenas de las huidas de Afganist\u00e1n e Irak, EE.UU. deja atr\u00e1s a sus \u201caliados\u201d: Roma no paga traidores.<\/p>\n<p style=\"text-align: justify;\">El demudado rostro del otrora soberbio Zelenski muestra la realidad: EE.UU. lo sacrific\u00f3 como un pe\u00f3n para aislar a Mosc\u00fa y Beijing de Occidente, desarticular la llegada de gas ruso a Europa y de la Ruta de la Seda china. Sanciones, congelamiento de fondos y env\u00edo de armas a los ucro fascistas son algunas de las respuestas de la Europa Occidental colonizada por los EE.UU. Sin embargo, muchas amenazas quedar\u00e1n en la nada ante las necesidades comerciales.<\/p>\n<p style=\"text-align: justify;\">El petr\u00f3leo sube a 100 d\u00f3lares el barril. La cotizaci\u00f3n del trigo, la soja y el ma\u00edz viven una estampida. Rusia y Ucrania representan alrededor del 19% de los suministros mundiales de ma\u00edz, el 29% de las exportaciones mundiales de trigo y 80 % de las de aceite de girasol.<\/p>\n<p style=\"text-align: justify;\">Los antimperialistas del mundo no podemos sino celebrar que finalmente las ambiciones de la OTAN tengan un firme freno y desear una exitosa desnazificaci\u00f3n de Ucrania.<\/p>\n<p style=\"text-align: justify;\"><span style=\"color: #0000ff;\"><strong>Fuente: La Comuna<\/strong><\/span><\/p>\n","protected":false},"excerpt":{"rendered":"<p>Damasco, 12 mar (SANA)\u00a0 \u00a0Los medios masivos occidentales est\u00e1n intentando victimizar al gobierno pro-OTAN de Ucrania, en momentos en que la determinaci\u00f3n del presidente de la Federaci\u00f3n Rusa ha puesto fin a un sinn\u00famero de agresiones de neto corte fascista. De la mano de la Uni\u00f3n Europea comienza en noviembre de 2013 la agitaci\u00f3n callejera &hellip;<\/p>\n","protected":false},"author":31,"featured_media":223186,"comment_status":"closed","ping_status":"closed","sticky":false,"template":"","format":"standard","meta":{"footnotes":""},"categories":[597,456,583],"tags":[],"class_list":["post-223185","post","type-post","status-publish","format-standard","has-post-thumbnail","","category-cinta-de-noticias","category-arabe-internacional-politica","category-slide"],"_links":{"self":[{"href":"https:\/\/archive.sana.sy\/es\/index.php?rest_route=\/wp\/v2\/posts\/223185"}],"collection":[{"href":"https:\/\/archive.sana.sy\/es\/index.php?rest_route=\/wp\/v2\/posts"}],"about":[{"href":"https:\/\/archive.sana.sy\/es\/index.php?rest_route=\/wp\/v2\/types\/post"}],"author":[{"embeddable":true,"href":"https:\/\/archive.sana.sy\/es\/index.php?rest_route=\/wp\/v2\/users\/31"}],"replies":[{"embeddable":true,"href":"https:\/\/archive.sana.sy\/es\/index.php?rest_route=%2Fwp%2Fv2%2Fcomments&post=223185"}],"version-history":[{"count":0,"href":"https:\/\/archive.sana.sy\/es\/index.php?rest_route=\/wp\/v2\/posts\/223185\/revisions"}],"wp:featuredmedia":[{"embeddable":true,"href":"https:\/\/archive.sana.sy\/es\/index.php?rest_route=\/wp\/v2\/media\/223186"}],"wp:attachment":[{"href":"https:\/\/archive.sana.sy\/es\/index.php?rest_route=%2Fwp%2Fv2%2Fmedia&parent=223185"}],"wp:term":[{"taxonomy":"category","embeddable":true,"href":"https:\/\/archive.sana.sy\/es\/index.php?rest_route=%2Fwp%2Fv2%2Fcategories&post=223185"},{"taxonomy":"post_tag","embeddable":true,"href":"https:\/\/archive.sana.sy\/es\/index.php?rest_route=%2Fwp%2Fv2%2Ftags&post=223185"}],"curies":[{"name":"wp","href":"https:\/\/api.w.org\/{rel}","templated":true}]}}