{"id":223197,"date":"2022-03-12T20:45:45","date_gmt":"2022-03-12T18:45:45","guid":{"rendered":"http:\/\/107.6.182.27\/es\/?p=223197"},"modified":"2022-03-12T22:48:24","modified_gmt":"2022-03-12T20:48:24","slug":"bandas-de-la-milicia-fds-con-apoyo-estadounidense-allanan-seis-localidades-al-sur-de-hasakeh","status":"publish","type":"post","link":"https:\/\/archive.sana.sy\/es\/?p=223197","title":{"rendered":"Bandas de la milicia FDS, con apoyo estadounidense, allanan seis localidades al sur de Hasakeh"},"content":{"rendered":"<p style=\"text-align: justify;\"><span style=\"color: #800000;\"><strong>Hasakeh, 12 mar (SANA)\u00a0<\/strong><\/span> \u00a0Las llamadas Fuerzas Democr\u00e1ticas de Siria (FDS), con el apoyo de las fuerzas de ocupaci\u00f3n estadounidenses, lanzaron una campa\u00f1a de redadas que abarc\u00f3 varias aldeas en el sur de la ciudad de Al-Hasakah.<\/p>\n<p style=\"text-align: justify;\">La campa\u00f1a coincidi\u00f3 con un endurecimiento de las medidas de seguridad en los puestos de control de esta milicia.<\/p>\n<p style=\"text-align: justify;\">Fuentes civiles informaron al reportero de SANA que la FDS llev\u00f3 a cabo una campa\u00f1a de redadas que incluy\u00f3 las aldeas de Al-Hamdaniya, Al-Hariri, Al-Rashidiyah, Al-Gharb, Al-Atta y Al-Aresha, donde secuestr\u00f3 a varios civiles.<\/p>\n<p style=\"text-align: justify;\">fm\/rr<\/p>\n","protected":false},"excerpt":{"rendered":"<p>Hasakeh, 12 mar (SANA)\u00a0 \u00a0Las llamadas Fuerzas Democr\u00e1ticas de Siria (FDS), con el apoyo de las fuerzas de ocupaci\u00f3n estadounidenses, lanzaron una campa\u00f1a de redadas que abarc\u00f3 varias aldeas en el sur de la ciudad de Al-Hasakah. La campa\u00f1a coincidi\u00f3 con un endurecimiento de las medidas de seguridad en los puestos de control de esta &hellip;<\/p>\n","protected":false},"author":31,"featured_media":223198,"comment_status":"closed","ping_status":"closed","sticky":false,"template":"","format":"standard","meta":{"footnotes":""},"categories":[597,573,476,7541],"tags":[],"class_list":["post-223197","post","type-post","status-publish","format-standard","has-post-thumbnail","","category-cinta-de-noticias","category-la-realidad-de-los-acontecimientos-en-siria","category-locales","category-ultimas-noticias"],"_links":{"self":[{"href":"https:\/\/archive.sana.sy\/es\/index.php?rest_route=\/wp\/v2\/posts\/223197"}],"collection":[{"href":"https:\/\/archive.sana.sy\/es\/index.php?rest_route=\/wp\/v2\/posts"}],"about":[{"href":"https:\/\/archive.sana.sy\/es\/index.php?rest_route=\/wp\/v2\/types\/post"}],"author":[{"embeddable":true,"href":"https:\/\/archive.sana.sy\/es\/index.php?rest_route=\/wp\/v2\/users\/31"}],"replies":[{"embeddable":true,"href":"https:\/\/archive.sana.sy\/es\/index.php?rest_route=%2Fwp%2Fv2%2Fcomments&post=223197"}],"version-history":[{"count":0,"href":"https:\/\/archive.sana.sy\/es\/index.php?rest_route=\/wp\/v2\/posts\/223197\/revisions"}],"wp:featuredmedia":[{"embeddable":true,"href":"https:\/\/archive.sana.sy\/es\/index.php?rest_route=\/wp\/v2\/media\/223198"}],"wp:attachment":[{"href":"https:\/\/archive.sana.sy\/es\/index.php?rest_route=%2Fwp%2Fv2%2Fmedia&parent=223197"}],"wp:term":[{"taxonomy":"category","embeddable":true,"href":"https:\/\/archive.sana.sy\/es\/index.php?rest_route=%2Fwp%2Fv2%2Fcategories&post=223197"},{"taxonomy":"post_tag","embeddable":true,"href":"https:\/\/archive.sana.sy\/es\/index.php?rest_route=%2Fwp%2Fv2%2Ftags&post=223197"}],"curies":[{"name":"wp","href":"https:\/\/api.w.org\/{rel}","templated":true}]}}