{"id":223215,"date":"2022-03-13T06:55:13","date_gmt":"2022-03-13T04:55:13","guid":{"rendered":"http:\/\/107.6.182.27\/es\/?p=223215"},"modified":"2023-01-10T16:37:43","modified_gmt":"2023-01-10T14:37:43","slug":"rusia-revela-nacionalidades-de-los-extranjeros-que-los-neonazis-ucranianos-usan-como-escudos-humanos","status":"publish","type":"post","link":"https:\/\/archive.sana.sy\/es\/?p=223215","title":{"rendered":"Rusia revela nacionalidades de los extranjeros que los neonazis ucranianos usan como escudos humanos"},"content":{"rendered":"<p style=\"text-align: justify;\"><span style=\"color: #800000;\"><strong>Mosc\u00fa, 13 mar (SANA)\u00a0 \u00a0<\/strong><\/span>El jefe del Centro Nacional de Gesti\u00f3n de Defensa ruso, el coronel general Mija\u00edl Miz\u00edntsev, declar\u00f3 que la situaci\u00f3n humanitaria en Ucrania se est\u00e1 deteriorando r\u00e1pidamente, y que ya ha alcanzado niveles &#8220;catastr\u00f3ficos&#8221; en algunas ciudades.<\/p>\n<p style=\"text-align: justify;\">De acuerdo con sus palabras citadas por la cadena RT, los nacionalistas plantan minas en barrios poblados y destruyen instalaciones de servicios p\u00fablicos esenciales y, como resultado de las acciones de las autoridades ucranianas, &#8220;la poblaci\u00f3n civil se ve obligada a sobrevivir en condiciones inhumanas: sin calefacci\u00f3n, electricidad, abastecimiento de agua, alimentos y medicamentos&#8221;.<\/p>\n<p style=\"text-align: justify;\">Asimismo, el alto oficial revel\u00f3 lo siguiente:<\/p>\n<ul>\n<li style=\"text-align: justify;\">&#8220;Grav\u00edsima situaci\u00f3n humanitaria&#8221; se registra en la ciudad de Mari\u00fapol, donde &#8220;cientos de miles de personas, incluidos extranjeros, est\u00e1n retenidas a la fuerza por nacionalistas&#8221;, que detienen todos los intentos de abandonar la urbe.<\/li>\n<li style=\"text-align: justify;\">Un total m\u00e1s de 6.900 ciudadanos de 16 pa\u00edses (Azerbaiy\u00e1n, Georgia, Egipto, Grecia, la India, Jamaica, L\u00edbano, Filipinas, Siria, Turqu\u00eda, entre otros) &#8220;siguen siendo rehenes de los neonazis ucranianos como &#8216;escudos humanos&#8217;, al igual que las tripulaciones de m\u00e1s de 50 buques extranjeros, que est\u00e1n bloqueados en los puertos mar\u00edtimos en relaci\u00f3n con la gran amenaza de minas en el mar de Azov y el mar Negro creada por Ucrania en violaci\u00f3n del derecho internacional humanitario&#8221;.<\/li>\n<li style=\"text-align: justify;\">En las \u00faltimas 24 horas 9.787 personas, entre ellas 1.738 ni\u00f1os, fueron evacuadas de varias regiones de Ucrania y de las Rep\u00fablicas Populares de Lugansk y Donetsk. En total, m\u00e1s de 231.000 personas, incluyendo 51.996 ni\u00f1os, fueron evacuadas desde el inicio de la operaci\u00f3n militar especial.<\/li>\n<li style=\"text-align: justify;\">Actualmente se est\u00e1 completando la operaci\u00f3n humanitaria para la evacuaci\u00f3n de 130 ciudadanos extranjeros desde la regi\u00f3n de Jers\u00f3n.<\/li>\n<li style=\"text-align: justify;\">M\u00e1s de 9.500 centros de alojamiento temporal siguen funcionando en varias regiones rusas.<\/li>\n<li style=\"text-align: justify;\">M\u00e1s de 17.000 toneladas de ayuda humanitaria ya est\u00e1n acumuladas en los puntos de recogida. En Ucrania ya se han entregado 1.935 toneladas de carga humanitaria y se han llevado a cabo 237 acciones humanitarias.<\/li>\n<li style=\"text-align: justify;\">fm<\/li>\n<\/ul>\n","protected":false},"excerpt":{"rendered":"<p>Mosc\u00fa, 13 mar (SANA)\u00a0 \u00a0El jefe del Centro Nacional de Gesti\u00f3n de Defensa ruso, el coronel general Mija\u00edl Miz\u00edntsev, declar\u00f3 que la situaci\u00f3n humanitaria en Ucrania se est\u00e1 deteriorando r\u00e1pidamente, y que ya ha alcanzado niveles &#8220;catastr\u00f3ficos&#8221; en algunas ciudades. De acuerdo con sus palabras citadas por la cadena RT, los nacionalistas plantan minas en &hellip;<\/p>\n","protected":false},"author":34,"featured_media":223216,"comment_status":"closed","ping_status":"closed","sticky":false,"template":"","format":"standard","meta":{"footnotes":""},"categories":[597,456,583],"tags":[],"class_list":["post-223215","post","type-post","status-publish","format-standard","has-post-thumbnail","","category-cinta-de-noticias","category-arabe-internacional-politica","category-slide"],"_links":{"self":[{"href":"https:\/\/archive.sana.sy\/es\/index.php?rest_route=\/wp\/v2\/posts\/223215"}],"collection":[{"href":"https:\/\/archive.sana.sy\/es\/index.php?rest_route=\/wp\/v2\/posts"}],"about":[{"href":"https:\/\/archive.sana.sy\/es\/index.php?rest_route=\/wp\/v2\/types\/post"}],"author":[{"embeddable":true,"href":"https:\/\/archive.sana.sy\/es\/index.php?rest_route=\/wp\/v2\/users\/34"}],"replies":[{"embeddable":true,"href":"https:\/\/archive.sana.sy\/es\/index.php?rest_route=%2Fwp%2Fv2%2Fcomments&post=223215"}],"version-history":[{"count":0,"href":"https:\/\/archive.sana.sy\/es\/index.php?rest_route=\/wp\/v2\/posts\/223215\/revisions"}],"wp:featuredmedia":[{"embeddable":true,"href":"https:\/\/archive.sana.sy\/es\/index.php?rest_route=\/wp\/v2\/media\/223216"}],"wp:attachment":[{"href":"https:\/\/archive.sana.sy\/es\/index.php?rest_route=%2Fwp%2Fv2%2Fmedia&parent=223215"}],"wp:term":[{"taxonomy":"category","embeddable":true,"href":"https:\/\/archive.sana.sy\/es\/index.php?rest_route=%2Fwp%2Fv2%2Fcategories&post=223215"},{"taxonomy":"post_tag","embeddable":true,"href":"https:\/\/archive.sana.sy\/es\/index.php?rest_route=%2Fwp%2Fv2%2Ftags&post=223215"}],"curies":[{"name":"wp","href":"https:\/\/api.w.org\/{rel}","templated":true}]}}