{"id":223218,"date":"2022-03-13T08:05:54","date_gmt":"2022-03-13T06:05:54","guid":{"rendered":"http:\/\/107.6.182.27\/es\/?p=223218"},"modified":"2023-01-10T16:37:43","modified_gmt":"2023-01-10T14:37:43","slug":"al-menos-seis-muertos-por-bombardeo-ucraniano-contra-un-hospital","status":"publish","type":"post","link":"https:\/\/archive.sana.sy\/es\/?p=223218","title":{"rendered":"Al menos seis muertos por bombardeo ucraniano contra un hospital"},"content":{"rendered":"<p style=\"text-align: justify;\"><span style=\"color: #800000;\"><strong>Mosc\u00fa, 13 mar (SANA)<\/strong><\/span> Los ultranacionalistas de Ucrania bombardearon con lanzacohetes Grad un hospital en la localidad de Volnovaja, y mataron al menos a seis personas.<\/p>\n<p style=\"text-align: justify;\">Seg\u00fan reportes de la agencia Sputnik, para asegurarse de que las personas dentro del hospital no se escaparan, los ultranacionalistas instalaron minas en el edificio. Antes de ello, usaron el edificio como punto de fuego contra los combatientes de la Rep\u00fablica Popular de Donetsk (RPD), donde los pacientes, incluidas mujeres embarazadas de maternidad, les sirvieron de escudo humano.<\/p>\n<p style=\"text-align: justify;\">El edificio del hospital sufri\u00f3 unos da\u00f1os muy extensos y graves, mientras se encontraron al menos seis cad\u00e1veres de civiles que intentaron escapar del brutal ataque.<\/p>\n<p style=\"text-align: justify;\">Durante el bombardeo, el hospital sirvi\u00f3 como refugio no solo a los pacientes, sino tambi\u00e9n a los vecinos de edificios cercanos que no tienen s\u00f3tano.<\/p>\n<p style=\"text-align: justify;\">fm\/ed<\/p>\n","protected":false},"excerpt":{"rendered":"<p>Mosc\u00fa, 13 mar (SANA) Los ultranacionalistas de Ucrania bombardearon con lanzacohetes Grad un hospital en la localidad de Volnovaja, y mataron al menos a seis personas. Seg\u00fan reportes de la agencia Sputnik, para asegurarse de que las personas dentro del hospital no se escaparan, los ultranacionalistas instalaron minas en el edificio. Antes de ello, usaron &hellip;<\/p>\n","protected":false},"author":32,"featured_media":223219,"comment_status":"closed","ping_status":"closed","sticky":false,"template":"","format":"standard","meta":{"footnotes":""},"categories":[597,456,7541],"tags":[],"class_list":["post-223218","post","type-post","status-publish","format-standard","has-post-thumbnail","","category-cinta-de-noticias","category-arabe-internacional-politica","category-ultimas-noticias"],"_links":{"self":[{"href":"https:\/\/archive.sana.sy\/es\/index.php?rest_route=\/wp\/v2\/posts\/223218"}],"collection":[{"href":"https:\/\/archive.sana.sy\/es\/index.php?rest_route=\/wp\/v2\/posts"}],"about":[{"href":"https:\/\/archive.sana.sy\/es\/index.php?rest_route=\/wp\/v2\/types\/post"}],"author":[{"embeddable":true,"href":"https:\/\/archive.sana.sy\/es\/index.php?rest_route=\/wp\/v2\/users\/32"}],"replies":[{"embeddable":true,"href":"https:\/\/archive.sana.sy\/es\/index.php?rest_route=%2Fwp%2Fv2%2Fcomments&post=223218"}],"version-history":[{"count":0,"href":"https:\/\/archive.sana.sy\/es\/index.php?rest_route=\/wp\/v2\/posts\/223218\/revisions"}],"wp:featuredmedia":[{"embeddable":true,"href":"https:\/\/archive.sana.sy\/es\/index.php?rest_route=\/wp\/v2\/media\/223219"}],"wp:attachment":[{"href":"https:\/\/archive.sana.sy\/es\/index.php?rest_route=%2Fwp%2Fv2%2Fmedia&parent=223218"}],"wp:term":[{"taxonomy":"category","embeddable":true,"href":"https:\/\/archive.sana.sy\/es\/index.php?rest_route=%2Fwp%2Fv2%2Fcategories&post=223218"},{"taxonomy":"post_tag","embeddable":true,"href":"https:\/\/archive.sana.sy\/es\/index.php?rest_route=%2Fwp%2Fv2%2Ftags&post=223218"}],"curies":[{"name":"wp","href":"https:\/\/api.w.org\/{rel}","templated":true}]}}