{"id":223226,"date":"2022-03-13T09:48:05","date_gmt":"2022-03-13T07:48:05","guid":{"rendered":"http:\/\/107.6.182.27\/es\/?p=223226"},"modified":"2023-01-10T16:37:42","modified_gmt":"2023-01-10T14:37:42","slug":"rusia-destruye-con-proyectiles-krasnopol-un-puesto-de-mando-ucraniano-cerca-de-kiev","status":"publish","type":"post","link":"https:\/\/archive.sana.sy\/es\/?p=223226","title":{"rendered":"Rusia destruye con proyectiles Krasnopol un puesto de mando ucraniano cerca de Kiev"},"content":{"rendered":"<p style=\"text-align: justify;\"><span style=\"color: #800000;\"><strong>Mosc\u00fa, 13 mar (SANA)\u00a0\u00a0<\/strong><\/span> El Ministerio de Defensa de Rusia difundi\u00f3 im\u00e1genes de la destrucci\u00f3n del puesto de mando de las Fuerzas Armadas de Ucrania en las afueras de Kiev utilizando un proyectil guiado de alta precisi\u00f3n tipo Krasnopol.<\/p>\n<p style=\"text-align: justify;\">&#8220;Hemos grabado un video que muestra el impacto preciso de un proyectil de artiller\u00eda de alta precisi\u00f3n en un puesto de mando de las fuerzas del ej\u00e9rcito ucraniano en las afueras de Kiev y el blanco fue destruido completamente&#8221;, inform\u00f3 el Ministerio.<\/p>\n<p style=\"text-align: justify;\">fm\/ed<\/p>\n","protected":false},"excerpt":{"rendered":"<p>Mosc\u00fa, 13 mar (SANA)\u00a0\u00a0 El Ministerio de Defensa de Rusia difundi\u00f3 im\u00e1genes de la destrucci\u00f3n del puesto de mando de las Fuerzas Armadas de Ucrania en las afueras de Kiev utilizando un proyectil guiado de alta precisi\u00f3n tipo Krasnopol. &#8220;Hemos grabado un video que muestra el impacto preciso de un proyectil de artiller\u00eda de alta &hellip;<\/p>\n","protected":false},"author":32,"featured_media":223227,"comment_status":"closed","ping_status":"closed","sticky":false,"template":"","format":"standard","meta":{"footnotes":""},"categories":[597,456,7541],"tags":[20281,7016],"class_list":["post-223226","post","type-post","status-publish","format-standard","has-post-thumbnail","","category-cinta-de-noticias","category-arabe-internacional-politica","category-ultimas-noticias","tag-kiev","tag-moscu"],"_links":{"self":[{"href":"https:\/\/archive.sana.sy\/es\/index.php?rest_route=\/wp\/v2\/posts\/223226"}],"collection":[{"href":"https:\/\/archive.sana.sy\/es\/index.php?rest_route=\/wp\/v2\/posts"}],"about":[{"href":"https:\/\/archive.sana.sy\/es\/index.php?rest_route=\/wp\/v2\/types\/post"}],"author":[{"embeddable":true,"href":"https:\/\/archive.sana.sy\/es\/index.php?rest_route=\/wp\/v2\/users\/32"}],"replies":[{"embeddable":true,"href":"https:\/\/archive.sana.sy\/es\/index.php?rest_route=%2Fwp%2Fv2%2Fcomments&post=223226"}],"version-history":[{"count":0,"href":"https:\/\/archive.sana.sy\/es\/index.php?rest_route=\/wp\/v2\/posts\/223226\/revisions"}],"wp:featuredmedia":[{"embeddable":true,"href":"https:\/\/archive.sana.sy\/es\/index.php?rest_route=\/wp\/v2\/media\/223227"}],"wp:attachment":[{"href":"https:\/\/archive.sana.sy\/es\/index.php?rest_route=%2Fwp%2Fv2%2Fmedia&parent=223226"}],"wp:term":[{"taxonomy":"category","embeddable":true,"href":"https:\/\/archive.sana.sy\/es\/index.php?rest_route=%2Fwp%2Fv2%2Fcategories&post=223226"},{"taxonomy":"post_tag","embeddable":true,"href":"https:\/\/archive.sana.sy\/es\/index.php?rest_route=%2Fwp%2Fv2%2Ftags&post=223226"}],"curies":[{"name":"wp","href":"https:\/\/api.w.org\/{rel}","templated":true}]}}