{"id":223241,"date":"2022-03-13T10:49:57","date_gmt":"2022-03-13T08:49:57","guid":{"rendered":"http:\/\/107.6.182.27\/es\/?p=223241"},"modified":"2023-01-10T16:37:42","modified_gmt":"2023-01-10T14:37:42","slug":"zelensky-perdio-el-control-de-su-pais","status":"publish","type":"post","link":"https:\/\/archive.sana.sy\/es\/?p=223241","title":{"rendered":"Zelensky perdi\u00f3 el control de su pa\u00eds"},"content":{"rendered":"<p style=\"text-align: justify;\"><span style=\"color: #800000;\"><strong>Mosc\u00fa, 13 mar (SANA)<\/strong> <\/span>El diputado de la Duma rusa para la regi\u00f3n de Crimea, Mikhail Sheremet, dijo que Volodymir Zelensky ha perdido por completo el control de la situaci\u00f3n en Ucrania.<\/p>\n<p style=\"text-align: justify;\">\u201cZelensky ha perdido el control de la situaci\u00f3n en su pa\u00eds, y formaciones ultranacionalistas han tomado el poder en algunas \u00e1reas y est\u00e1n viviendo una vida separada\u201d, dijo Sheremet a Sputnik.<\/p>\n<p style=\"text-align: justify;\">Agreg\u00f3 que la situaci\u00f3n es catastr\u00f3fica.<\/p>\n<p style=\"text-align: justify;\">Seg\u00fan el diputado, Zelensky multiplica las bajas entre la poblaci\u00f3n civil y el ej\u00e9rcito ucraniano debido a su pol\u00edtica.<\/p>\n<p style=\"text-align: justify;\">&#8220;Zelensky env\u00eda a los soldados al terreno de batalla mientras \u00e9l se siente en oficinas c\u00e1lidas y lo \u00fanico que hace es echa le\u00f1a al fuego&#8221;, opin\u00f3.<\/p>\n<p style=\"text-align: justify;\">fm\/ed<\/p>\n","protected":false},"excerpt":{"rendered":"<p>Mosc\u00fa, 13 mar (SANA) El diputado de la Duma rusa para la regi\u00f3n de Crimea, Mikhail Sheremet, dijo que Volodymir Zelensky ha perdido por completo el control de la situaci\u00f3n en Ucrania. \u201cZelensky ha perdido el control de la situaci\u00f3n en su pa\u00eds, y formaciones ultranacionalistas han tomado el poder en algunas \u00e1reas y est\u00e1n &hellip;<\/p>\n","protected":false},"author":32,"featured_media":223242,"comment_status":"closed","ping_status":"closed","sticky":false,"template":"","format":"standard","meta":{"footnotes":""},"categories":[597,456,7541],"tags":[20700,7016],"class_list":["post-223241","post","type-post","status-publish","format-standard","has-post-thumbnail","","category-cinta-de-noticias","category-arabe-internacional-politica","category-ultimas-noticias","tag-crimea","tag-moscu"],"_links":{"self":[{"href":"https:\/\/archive.sana.sy\/es\/index.php?rest_route=\/wp\/v2\/posts\/223241"}],"collection":[{"href":"https:\/\/archive.sana.sy\/es\/index.php?rest_route=\/wp\/v2\/posts"}],"about":[{"href":"https:\/\/archive.sana.sy\/es\/index.php?rest_route=\/wp\/v2\/types\/post"}],"author":[{"embeddable":true,"href":"https:\/\/archive.sana.sy\/es\/index.php?rest_route=\/wp\/v2\/users\/32"}],"replies":[{"embeddable":true,"href":"https:\/\/archive.sana.sy\/es\/index.php?rest_route=%2Fwp%2Fv2%2Fcomments&post=223241"}],"version-history":[{"count":0,"href":"https:\/\/archive.sana.sy\/es\/index.php?rest_route=\/wp\/v2\/posts\/223241\/revisions"}],"wp:featuredmedia":[{"embeddable":true,"href":"https:\/\/archive.sana.sy\/es\/index.php?rest_route=\/wp\/v2\/media\/223242"}],"wp:attachment":[{"href":"https:\/\/archive.sana.sy\/es\/index.php?rest_route=%2Fwp%2Fv2%2Fmedia&parent=223241"}],"wp:term":[{"taxonomy":"category","embeddable":true,"href":"https:\/\/archive.sana.sy\/es\/index.php?rest_route=%2Fwp%2Fv2%2Fcategories&post=223241"},{"taxonomy":"post_tag","embeddable":true,"href":"https:\/\/archive.sana.sy\/es\/index.php?rest_route=%2Fwp%2Fv2%2Ftags&post=223241"}],"curies":[{"name":"wp","href":"https:\/\/api.w.org\/{rel}","templated":true}]}}