{"id":223244,"date":"2022-03-13T11:08:55","date_gmt":"2022-03-13T09:08:55","guid":{"rendered":"http:\/\/107.6.182.27\/es\/?p=223244"},"modified":"2023-01-10T16:37:42","modified_gmt":"2023-01-10T14:37:42","slug":"moscu-revela-numero-de-blancos-militares-ucranianos-bombardeados-y-destruidos","status":"publish","type":"post","link":"https:\/\/archive.sana.sy\/es\/?p=223244","title":{"rendered":"Mosc\u00fa revela n\u00famero de blancos militares ucranianos bombardeados y destruidos"},"content":{"rendered":"<p style=\"text-align: justify;\"><strong><span style=\"color: #800000;\">Mosc\u00fa, 13 mar (SANA)\u00a0\u00a0<\/span> <\/strong>El portavoz del Ministerio de Defensa ruso, el general \u00cdgor Konash\u00e9nkov, afirm\u00f3 ante la prensa que las fuerzas rusas derribaron un avi\u00f3n Su-24 y dos drones ucranianos en las \u00faltimas 24 horas.<\/p>\n<p style=\"text-align: justify;\">&#8220;La aviaci\u00f3n y la defensa a\u00e9rea de las fuerzas aeroespaciales rusas derribaron un avi\u00f3n Su-24 de las Fuerzas A\u00e9reas ucranianas cerca de la localidad de Liubimovka y dos aviones no tripulados&#8221;, precis\u00f3 el oficial.<\/p>\n<p style=\"text-align: justify;\">Agreg\u00f3 que casi 3.700 infraestructuras militares ucranianas fueron inutilizadas desde el comienzo de la operaci\u00f3n militar especial en Ucrania.<\/p>\n<p style=\"text-align: justify;\">&#8220;En total, 3.687 instalaciones de infraestructura militar de Ucrania quedaron fuera de servicio durante la operaci\u00f3n&#8221;, dijo el vocero.<\/p>\n<p style=\"text-align: justify;\">Especific\u00f3 que fueron destruidos 99 aviones, 128 drones , 1.194 tanques y blindados, 121 lanzacohetes m\u00faltiples, 443 ca\u00f1ones de mortero y 991 veh\u00edculos militares especiales.<\/p>\n<p style=\"text-align: justify;\">fm\/ed<\/p>\n","protected":false},"excerpt":{"rendered":"<p>Mosc\u00fa, 13 mar (SANA)\u00a0\u00a0 El portavoz del Ministerio de Defensa ruso, el general \u00cdgor Konash\u00e9nkov, afirm\u00f3 ante la prensa que las fuerzas rusas derribaron un avi\u00f3n Su-24 y dos drones ucranianos en las \u00faltimas 24 horas. &#8220;La aviaci\u00f3n y la defensa a\u00e9rea de las fuerzas aeroespaciales rusas derribaron un avi\u00f3n Su-24 de las Fuerzas A\u00e9reas &hellip;<\/p>\n","protected":false},"author":32,"featured_media":223245,"comment_status":"closed","ping_status":"closed","sticky":false,"template":"","format":"standard","meta":{"footnotes":""},"categories":[597,456],"tags":[7016],"class_list":["post-223244","post","type-post","status-publish","format-standard","has-post-thumbnail","","category-cinta-de-noticias","category-arabe-internacional-politica","tag-moscu"],"_links":{"self":[{"href":"https:\/\/archive.sana.sy\/es\/index.php?rest_route=\/wp\/v2\/posts\/223244"}],"collection":[{"href":"https:\/\/archive.sana.sy\/es\/index.php?rest_route=\/wp\/v2\/posts"}],"about":[{"href":"https:\/\/archive.sana.sy\/es\/index.php?rest_route=\/wp\/v2\/types\/post"}],"author":[{"embeddable":true,"href":"https:\/\/archive.sana.sy\/es\/index.php?rest_route=\/wp\/v2\/users\/32"}],"replies":[{"embeddable":true,"href":"https:\/\/archive.sana.sy\/es\/index.php?rest_route=%2Fwp%2Fv2%2Fcomments&post=223244"}],"version-history":[{"count":0,"href":"https:\/\/archive.sana.sy\/es\/index.php?rest_route=\/wp\/v2\/posts\/223244\/revisions"}],"wp:featuredmedia":[{"embeddable":true,"href":"https:\/\/archive.sana.sy\/es\/index.php?rest_route=\/wp\/v2\/media\/223245"}],"wp:attachment":[{"href":"https:\/\/archive.sana.sy\/es\/index.php?rest_route=%2Fwp%2Fv2%2Fmedia&parent=223244"}],"wp:term":[{"taxonomy":"category","embeddable":true,"href":"https:\/\/archive.sana.sy\/es\/index.php?rest_route=%2Fwp%2Fv2%2Fcategories&post=223244"},{"taxonomy":"post_tag","embeddable":true,"href":"https:\/\/archive.sana.sy\/es\/index.php?rest_route=%2Fwp%2Fv2%2Ftags&post=223244"}],"curies":[{"name":"wp","href":"https:\/\/api.w.org\/{rel}","templated":true}]}}