{"id":223265,"date":"2022-03-13T12:39:14","date_gmt":"2022-03-13T10:39:14","guid":{"rendered":"http:\/\/107.6.182.27\/es\/?p=223265"},"modified":"2023-01-10T16:37:42","modified_gmt":"2023-01-10T14:37:42","slug":"defensa-aerea-de-donetsk-intercepta-misil-ucraniano-disparado-con-blanco-civil","status":"publish","type":"post","link":"https:\/\/archive.sana.sy\/es\/?p=223265","title":{"rendered":"Defensa a\u00e9rea de Donetsk intercepta misil ucraniano disparado con blanco civil"},"content":{"rendered":"<p style=\"text-align: justify;\"><strong><span style=\"color: #800000;\">Donetsk, 13 mar (SANA)<\/span><\/strong> El Comando de Defensa Regional de la Rep\u00fablica Popular de Donetsk anunci\u00f3 que sus unidades de defensa a\u00e9rea lograron interceptar un misil ucraniano (Tochka-O) y evitaron que alcanzara un objetivo civil.<\/p>\n<p style=\"text-align: justify;\">Un comunicado del comando citado por la agencia RIA Novosti inform\u00f3 que fragmentos del misil ucraniano cayeron cerca de una escuela local y se\u00f1al\u00f3 que los militantes ucranianos utilizaron una vez m\u00e1s estos misiles t\u00e1cticos para bombardear a Shakhtyorsk.<\/p>\n<p style=\"text-align: justify;\">Las fuerzas ucranianas utilizan estos misiles t\u00e1cticos de fabricaci\u00f3n sovi\u00e9tica para bombardear instalaciones civiles y sitios de infraestructura vital en las Rep\u00fablicas Populares de Donetsk y Lugansk.<\/p>\n<p style=\"text-align: justify;\">fm\/ed<\/p>\n","protected":false},"excerpt":{"rendered":"<p>Donetsk, 13 mar (SANA) El Comando de Defensa Regional de la Rep\u00fablica Popular de Donetsk anunci\u00f3 que sus unidades de defensa a\u00e9rea lograron interceptar un misil ucraniano (Tochka-O) y evitaron que alcanzara un objetivo civil. Un comunicado del comando citado por la agencia RIA Novosti inform\u00f3 que fragmentos del misil ucraniano cayeron cerca de una &hellip;<\/p>\n","protected":false},"author":32,"featured_media":223266,"comment_status":"closed","ping_status":"closed","sticky":false,"template":"","format":"standard","meta":{"footnotes":""},"categories":[597,456,7541],"tags":[20684,20688],"class_list":["post-223265","post","type-post","status-publish","format-standard","has-post-thumbnail","","category-cinta-de-noticias","category-arabe-internacional-politica","category-ultimas-noticias","tag-donetsk","tag-lugansk"],"_links":{"self":[{"href":"https:\/\/archive.sana.sy\/es\/index.php?rest_route=\/wp\/v2\/posts\/223265"}],"collection":[{"href":"https:\/\/archive.sana.sy\/es\/index.php?rest_route=\/wp\/v2\/posts"}],"about":[{"href":"https:\/\/archive.sana.sy\/es\/index.php?rest_route=\/wp\/v2\/types\/post"}],"author":[{"embeddable":true,"href":"https:\/\/archive.sana.sy\/es\/index.php?rest_route=\/wp\/v2\/users\/32"}],"replies":[{"embeddable":true,"href":"https:\/\/archive.sana.sy\/es\/index.php?rest_route=%2Fwp%2Fv2%2Fcomments&post=223265"}],"version-history":[{"count":0,"href":"https:\/\/archive.sana.sy\/es\/index.php?rest_route=\/wp\/v2\/posts\/223265\/revisions"}],"wp:featuredmedia":[{"embeddable":true,"href":"https:\/\/archive.sana.sy\/es\/index.php?rest_route=\/wp\/v2\/media\/223266"}],"wp:attachment":[{"href":"https:\/\/archive.sana.sy\/es\/index.php?rest_route=%2Fwp%2Fv2%2Fmedia&parent=223265"}],"wp:term":[{"taxonomy":"category","embeddable":true,"href":"https:\/\/archive.sana.sy\/es\/index.php?rest_route=%2Fwp%2Fv2%2Fcategories&post=223265"},{"taxonomy":"post_tag","embeddable":true,"href":"https:\/\/archive.sana.sy\/es\/index.php?rest_route=%2Fwp%2Fv2%2Ftags&post=223265"}],"curies":[{"name":"wp","href":"https:\/\/api.w.org\/{rel}","templated":true}]}}