{"id":223268,"date":"2022-03-13T12:49:13","date_gmt":"2022-03-13T10:49:13","guid":{"rendered":"http:\/\/107.6.182.27\/es\/?p=223268"},"modified":"2023-01-10T16:37:41","modified_gmt":"2023-01-10T14:37:41","slug":"rusia-continua-distribucion-de-ayuda-humanitaria-a-residentes-de-ucrania-y-el-donbas","status":"publish","type":"post","link":"https:\/\/archive.sana.sy\/es\/?p=223268","title":{"rendered":"Rusia contin\u00faa distribuci\u00f3n de ayuda humanitaria a residentes de Ucrania y el Donb\u00e1s"},"content":{"rendered":"<p style=\"text-align: justify;\"><span style=\"color: #800000;\"><strong>Mosc\u00fa, 13 mar (SANA)<\/strong><\/span>\u00a0 \u00a0El Ministerio de Situaciones de Emergencia de Rusia inform\u00f3 hoy que durante los \u00faltimos dos d\u00edas se entregaron m\u00e1s de 330 toneladas de ayuda humanitaria a los residentes de Donb\u00e1s y Ucrania.<\/p>\n<p style=\"text-align: justify;\">El sitio web Russia Today cit\u00f3 al ministerio informando por medio de un comunicado que &#8220;tres convoyes de 42 camiones de ayuda humanitaria con un peso total de m\u00e1s de 330 toneladas, se distribuyeron en Ucrania y Donb\u00e1s&#8221;.<\/p>\n<p style=\"text-align: justify;\">Explic\u00f3 que esta ayuda incluye alimentos y materiales de limpieza necesarios, y destac\u00f3 que estas operaciones se realizan de acuerdo con la legislaci\u00f3n internacional relacionada con la entrega de ayuda humanitaria.<\/p>\n<p>fm\/ed<\/p>\n","protected":false},"excerpt":{"rendered":"<p>Mosc\u00fa, 13 mar (SANA)\u00a0 \u00a0El Ministerio de Situaciones de Emergencia de Rusia inform\u00f3 hoy que durante los \u00faltimos dos d\u00edas se entregaron m\u00e1s de 330 toneladas de ayuda humanitaria a los residentes de Donb\u00e1s y Ucrania. El sitio web Russia Today cit\u00f3 al ministerio informando por medio de un comunicado que &#8220;tres convoyes de 42 &hellip;<\/p>\n","protected":false},"author":32,"featured_media":223269,"comment_status":"closed","ping_status":"closed","sticky":false,"template":"","format":"standard","meta":{"footnotes":""},"categories":[597,456,476,7541],"tags":[],"class_list":["post-223268","post","type-post","status-publish","format-standard","has-post-thumbnail","","category-cinta-de-noticias","category-arabe-internacional-politica","category-locales","category-ultimas-noticias"],"_links":{"self":[{"href":"https:\/\/archive.sana.sy\/es\/index.php?rest_route=\/wp\/v2\/posts\/223268"}],"collection":[{"href":"https:\/\/archive.sana.sy\/es\/index.php?rest_route=\/wp\/v2\/posts"}],"about":[{"href":"https:\/\/archive.sana.sy\/es\/index.php?rest_route=\/wp\/v2\/types\/post"}],"author":[{"embeddable":true,"href":"https:\/\/archive.sana.sy\/es\/index.php?rest_route=\/wp\/v2\/users\/32"}],"replies":[{"embeddable":true,"href":"https:\/\/archive.sana.sy\/es\/index.php?rest_route=%2Fwp%2Fv2%2Fcomments&post=223268"}],"version-history":[{"count":0,"href":"https:\/\/archive.sana.sy\/es\/index.php?rest_route=\/wp\/v2\/posts\/223268\/revisions"}],"wp:featuredmedia":[{"embeddable":true,"href":"https:\/\/archive.sana.sy\/es\/index.php?rest_route=\/wp\/v2\/media\/223269"}],"wp:attachment":[{"href":"https:\/\/archive.sana.sy\/es\/index.php?rest_route=%2Fwp%2Fv2%2Fmedia&parent=223268"}],"wp:term":[{"taxonomy":"category","embeddable":true,"href":"https:\/\/archive.sana.sy\/es\/index.php?rest_route=%2Fwp%2Fv2%2Fcategories&post=223268"},{"taxonomy":"post_tag","embeddable":true,"href":"https:\/\/archive.sana.sy\/es\/index.php?rest_route=%2Fwp%2Fv2%2Ftags&post=223268"}],"curies":[{"name":"wp","href":"https:\/\/api.w.org\/{rel}","templated":true}]}}