{"id":223277,"date":"2022-03-13T14:41:26","date_gmt":"2022-03-13T12:41:26","guid":{"rendered":"http:\/\/107.6.182.27\/es\/?p=223277"},"modified":"2023-01-10T16:37:41","modified_gmt":"2023-01-10T14:37:41","slug":"tropas-ucranianas-bombardearon-tres-complejos-residenciales-en-la-republica-de-lugansk","status":"publish","type":"post","link":"https:\/\/archive.sana.sy\/es\/?p=223277","title":{"rendered":"Tropas ucranianas bombardearon tres complejos residenciales en la Rep\u00fablica de Lugansk"},"content":{"rendered":"<p style=\"text-align: justify;\"><strong><span style=\"color: #800000;\">Lugansk, 13 mar (SANA)<\/span> <\/strong>La representaci\u00f3n de la Rep\u00fablica Popular de Lugansk en el Centro Conjunto de Observaci\u00f3n de Alto el Fuego que las fuerzas ucranianas bombardearon tres centros residenciales en la rep\u00fablica, lo que result\u00f3 en la destrucci\u00f3n de un edificio y da\u00f1os en tres casas.<\/p>\n<p style=\"text-align: justify;\">Las fuerzas armadas de Ucrania perpetraron tres ataques contra tres centros residenciales en la Rep\u00fablica de Lugansk, inform\u00f3 un comunicado de la representaci\u00f3n citado por la Agencia RIA Novost.<\/p>\n<p style=\"text-align: justify;\">El bombardeo provoc\u00f3 la destrucci\u00f3n de un edificio residencial en el pueblo de Ermeno y un gasoducto.<\/p>\n<p style=\"text-align: justify;\">El Ministerio de Defensa ruso hab\u00eda afirmado que las autoridades ucranianas violan los acuerdos sobre corredores humanitarios e impiden la evacuaci\u00f3n de civiles a Rusia.<\/p>\n<p>ed\/fm<\/p>\n","protected":false},"excerpt":{"rendered":"<p>Lugansk, 13 mar (SANA) La representaci\u00f3n de la Rep\u00fablica Popular de Lugansk en el Centro Conjunto de Observaci\u00f3n de Alto el Fuego que las fuerzas ucranianas bombardearon tres centros residenciales en la rep\u00fablica, lo que result\u00f3 en la destrucci\u00f3n de un edificio y da\u00f1os en tres casas. Las fuerzas armadas de Ucrania perpetraron tres ataques &hellip;<\/p>\n","protected":false},"author":32,"featured_media":223278,"comment_status":"closed","ping_status":"closed","sticky":false,"template":"","format":"standard","meta":{"footnotes":""},"categories":[597,456],"tags":[20688],"class_list":["post-223277","post","type-post","status-publish","format-standard","has-post-thumbnail","","category-cinta-de-noticias","category-arabe-internacional-politica","tag-lugansk"],"_links":{"self":[{"href":"https:\/\/archive.sana.sy\/es\/index.php?rest_route=\/wp\/v2\/posts\/223277"}],"collection":[{"href":"https:\/\/archive.sana.sy\/es\/index.php?rest_route=\/wp\/v2\/posts"}],"about":[{"href":"https:\/\/archive.sana.sy\/es\/index.php?rest_route=\/wp\/v2\/types\/post"}],"author":[{"embeddable":true,"href":"https:\/\/archive.sana.sy\/es\/index.php?rest_route=\/wp\/v2\/users\/32"}],"replies":[{"embeddable":true,"href":"https:\/\/archive.sana.sy\/es\/index.php?rest_route=%2Fwp%2Fv2%2Fcomments&post=223277"}],"version-history":[{"count":0,"href":"https:\/\/archive.sana.sy\/es\/index.php?rest_route=\/wp\/v2\/posts\/223277\/revisions"}],"wp:featuredmedia":[{"embeddable":true,"href":"https:\/\/archive.sana.sy\/es\/index.php?rest_route=\/wp\/v2\/media\/223278"}],"wp:attachment":[{"href":"https:\/\/archive.sana.sy\/es\/index.php?rest_route=%2Fwp%2Fv2%2Fmedia&parent=223277"}],"wp:term":[{"taxonomy":"category","embeddable":true,"href":"https:\/\/archive.sana.sy\/es\/index.php?rest_route=%2Fwp%2Fv2%2Fcategories&post=223277"},{"taxonomy":"post_tag","embeddable":true,"href":"https:\/\/archive.sana.sy\/es\/index.php?rest_route=%2Fwp%2Fv2%2Ftags&post=223277"}],"curies":[{"name":"wp","href":"https:\/\/api.w.org\/{rel}","templated":true}]}}