{"id":223296,"date":"2022-03-13T15:18:59","date_gmt":"2022-03-13T13:18:59","guid":{"rendered":"http:\/\/107.6.182.27\/es\/?p=223296"},"modified":"2022-03-13T21:55:32","modified_gmt":"2022-03-13T19:55:32","slug":"el-dron-ruso-forepost-destruye-un-lanzacohetes-ucraniano","status":"publish","type":"post","link":"https:\/\/archive.sana.sy\/es\/?p=223296","title":{"rendered":"El dron ruso Forepost destruye un lanzacohetes ucraniano"},"content":{"rendered":"<p style=\"text-align: justify;\"><strong><span style=\"color: #800000;\">Mosc\u00fa, 13 mar (SANA)<\/span><\/strong> El Ministerio de Defensa ruso anunci\u00f3 que el dron Forpost llev\u00f3 a cabo misiones de combate y destruy\u00f3 un veh\u00edculo de lanzacohetes ucraniano.<\/p>\n<p style=\"text-align: justify;\">Por primera vez, el Ministerio publica un video del uso del referido dron en el campo de batalla y coment\u00f3: &#8220;Un lanzacohetes m\u00faltiple fue destruido con municiones de alta precisi\u00f3n disparados por el dron Forpost de las Fuerzas Aeroespaciales Rusas desde una altura de m\u00e1s de 3000 metros &#8220;.<\/p>\n<p style=\"text-align: justify;\">El ministerio indic\u00f3 que los drones que participan en la operaci\u00f3n en Ucrania realizan operaciones de reconocimiento y tiro, utilizando armas de combate contra ciertos objetivos.<\/p>\n<p style=\"text-align: justify;\">fm\/ed<\/p>\n","protected":false},"excerpt":{"rendered":"<p>Mosc\u00fa, 13 mar (SANA) El Ministerio de Defensa ruso anunci\u00f3 que el dron Forpost llev\u00f3 a cabo misiones de combate y destruy\u00f3 un veh\u00edculo de lanzacohetes ucraniano. Por primera vez, el Ministerio publica un video del uso del referido dron en el campo de batalla y coment\u00f3: &#8220;Un lanzacohetes m\u00faltiple fue destruido con municiones de &hellip;<\/p>\n","protected":false},"author":32,"featured_media":223297,"comment_status":"closed","ping_status":"closed","sticky":false,"template":"","format":"standard","meta":{"footnotes":""},"categories":[597,456],"tags":[7016],"class_list":["post-223296","post","type-post","status-publish","format-standard","has-post-thumbnail","","category-cinta-de-noticias","category-arabe-internacional-politica","tag-moscu"],"_links":{"self":[{"href":"https:\/\/archive.sana.sy\/es\/index.php?rest_route=\/wp\/v2\/posts\/223296"}],"collection":[{"href":"https:\/\/archive.sana.sy\/es\/index.php?rest_route=\/wp\/v2\/posts"}],"about":[{"href":"https:\/\/archive.sana.sy\/es\/index.php?rest_route=\/wp\/v2\/types\/post"}],"author":[{"embeddable":true,"href":"https:\/\/archive.sana.sy\/es\/index.php?rest_route=\/wp\/v2\/users\/32"}],"replies":[{"embeddable":true,"href":"https:\/\/archive.sana.sy\/es\/index.php?rest_route=%2Fwp%2Fv2%2Fcomments&post=223296"}],"version-history":[{"count":0,"href":"https:\/\/archive.sana.sy\/es\/index.php?rest_route=\/wp\/v2\/posts\/223296\/revisions"}],"wp:featuredmedia":[{"embeddable":true,"href":"https:\/\/archive.sana.sy\/es\/index.php?rest_route=\/wp\/v2\/media\/223297"}],"wp:attachment":[{"href":"https:\/\/archive.sana.sy\/es\/index.php?rest_route=%2Fwp%2Fv2%2Fmedia&parent=223296"}],"wp:term":[{"taxonomy":"category","embeddable":true,"href":"https:\/\/archive.sana.sy\/es\/index.php?rest_route=%2Fwp%2Fv2%2Fcategories&post=223296"},{"taxonomy":"post_tag","embeddable":true,"href":"https:\/\/archive.sana.sy\/es\/index.php?rest_route=%2Fwp%2Fv2%2Ftags&post=223296"}],"curies":[{"name":"wp","href":"https:\/\/api.w.org\/{rel}","templated":true}]}}