{"id":223367,"date":"2022-03-13T21:55:13","date_gmt":"2022-03-13T19:55:13","guid":{"rendered":"http:\/\/107.6.182.27\/es\/?p=223367"},"modified":"2022-03-13T21:55:13","modified_gmt":"2022-03-13T19:55:13","slug":"periodista-francesa-denuncia-censura-luego-de-que-le-figaro-eliminara-su-reportaje-sobre-ucrania","status":"publish","type":"post","link":"https:\/\/archive.sana.sy\/es\/?p=223367","title":{"rendered":"Periodista francesa denuncia &#8220;censura&#8221; luego de que Le Figaro eliminara su reportaje sobre Ucrania"},"content":{"rendered":"<p style=\"text-align: justify;\"><span style=\"color: #800000;\"><strong>Damasco, 13 mar (SANA)\u00a0<\/strong><\/span> \u00a0La corresponsal de guerra y directora de cine documental francesa Anne-Laure Bonnel denunci\u00f3 que el diario Le Figaro borr\u00f3 su art\u00edculo sobre la vida de la poblaci\u00f3n civil del Donb\u00e1s.<\/p>\n<p style=\"text-align: justify;\">&#8220;Le Figaro acaba de retirar mi art\u00edculo ya publicado y lo invisibiliza de ahora en adelante. \u00bfPor qu\u00e9? Pregunten por ello. Ind\u00edgnense&#8221;, tuite\u00f3 la periodista. Adjunt\u00f3 la captura de pantalla donde se ve el enlace a la publicaci\u00f3n, titulada &#8216;El Donb\u00e1s, donde todo comenz\u00f3&#8217;, en la cuenta de Facebook del diario.<\/p>\n<p style=\"text-align: justify;\">&#8220;Hice mi trabajo, ahora les toca a ustedes pedir explicaciones. Por mi parte me detengo ah\u00ed. Se ha dicho misa. Censura&#8221;, agreg\u00f3 Bonnel.<\/p>\n<p style=\"text-align: justify;\">Desde el propio diario no han comentado la decisi\u00f3n. Entre tanto, en los \u00faltimos d\u00edas, la periodista, que cubre el conflicto en Ucrania desde el territorio de la Rep\u00fablica Popular de Donetsk, ha sido criticada por denunciar solo las acciones de las tropas ucranianas.<\/p>\n<p style=\"text-align: justify;\">En particular, el diario Liberation la acus\u00f3 de &#8220;apegarse a los argumentos de las autoridades rusas&#8221;, por lo que anunci\u00f3 el 1 de marzo que lo llevar\u00eda ante la justicia por difamaci\u00f3n. &#8220;Hay heridos, hay muertos que filmo, que fotograf\u00edo a diario&#8221;, dijo ese d\u00eda Bonnel al canal CNews, afirmando que su trabajo &#8220;no tiene ning\u00fan mensaje pol\u00edtico&#8221;.<\/p>\n<p style=\"text-align: justify;\">&#8220;Solo s\u00e9 que llevamos una semana hablando de este conflicto, pero dura 8 a\u00f1os&#8221;, se\u00f1al\u00f3.<\/p>\n<p style=\"text-align: justify;\">En el 2015, Bonnel produjo la pel\u00edcula documental &#8216;Donb\u00e1s&#8217;, estrenada en el 2016. En el 2020, public\u00f3 un nuevo documental, &#8216;Silencio en el Alto Karabaj&#8217;.<\/p>\n<p style=\"text-align: justify;\"><span style=\"color: #0000ff;\"><strong>Fuente: RT<\/strong><\/span><\/p>\n","protected":false},"excerpt":{"rendered":"<p>Damasco, 13 mar (SANA)\u00a0 \u00a0La corresponsal de guerra y directora de cine documental francesa Anne-Laure Bonnel denunci\u00f3 que el diario Le Figaro borr\u00f3 su art\u00edculo sobre la vida de la poblaci\u00f3n civil del Donb\u00e1s. &#8220;Le Figaro acaba de retirar mi art\u00edculo ya publicado y lo invisibiliza de ahora en adelante. \u00bfPor qu\u00e9? Pregunten por ello. &hellip;<\/p>\n","protected":false},"author":31,"featured_media":223368,"comment_status":"closed","ping_status":"closed","sticky":false,"template":"","format":"standard","meta":{"footnotes":""},"categories":[16929,597,7541],"tags":[],"class_list":["post-223367","post","type-post","status-publish","format-standard","has-post-thumbnail","","category-articulos-de-opinion","category-cinta-de-noticias","category-ultimas-noticias"],"_links":{"self":[{"href":"https:\/\/archive.sana.sy\/es\/index.php?rest_route=\/wp\/v2\/posts\/223367"}],"collection":[{"href":"https:\/\/archive.sana.sy\/es\/index.php?rest_route=\/wp\/v2\/posts"}],"about":[{"href":"https:\/\/archive.sana.sy\/es\/index.php?rest_route=\/wp\/v2\/types\/post"}],"author":[{"embeddable":true,"href":"https:\/\/archive.sana.sy\/es\/index.php?rest_route=\/wp\/v2\/users\/31"}],"replies":[{"embeddable":true,"href":"https:\/\/archive.sana.sy\/es\/index.php?rest_route=%2Fwp%2Fv2%2Fcomments&post=223367"}],"version-history":[{"count":0,"href":"https:\/\/archive.sana.sy\/es\/index.php?rest_route=\/wp\/v2\/posts\/223367\/revisions"}],"wp:featuredmedia":[{"embeddable":true,"href":"https:\/\/archive.sana.sy\/es\/index.php?rest_route=\/wp\/v2\/media\/223368"}],"wp:attachment":[{"href":"https:\/\/archive.sana.sy\/es\/index.php?rest_route=%2Fwp%2Fv2%2Fmedia&parent=223367"}],"wp:term":[{"taxonomy":"category","embeddable":true,"href":"https:\/\/archive.sana.sy\/es\/index.php?rest_route=%2Fwp%2Fv2%2Fcategories&post=223367"},{"taxonomy":"post_tag","embeddable":true,"href":"https:\/\/archive.sana.sy\/es\/index.php?rest_route=%2Fwp%2Fv2%2Ftags&post=223367"}],"curies":[{"name":"wp","href":"https:\/\/api.w.org\/{rel}","templated":true}]}}