{"id":223438,"date":"2022-03-14T12:12:46","date_gmt":"2022-03-14T10:12:46","guid":{"rendered":"http:\/\/107.6.182.27\/es\/?p=223438"},"modified":"2023-01-10T16:37:39","modified_gmt":"2023-01-10T14:37:39","slug":"rusia-no-ve-motivos-para-el-envio-de-cascos-azules-a-ucrania","status":"publish","type":"post","link":"https:\/\/archive.sana.sy\/es\/?p=223438","title":{"rendered":"Rusia no ve motivos para el env\u00edo de cascos azules a Ucrania"},"content":{"rendered":"<p style=\"text-align: justify;\"><strong><span style=\"color: #800000;\">Mosc\u00fa, 14 mar (SANA)<\/span> \u00a0<\/strong>El jefe del departamento de organizaciones internacionales de la Canciller\u00eda rusa, Piotr Ilichov, consider\u00f3 en declaraciones a la agencia Sputnik, que no ve motivos para el env\u00edo de los cascos azules a Ucrania.<\/p>\n<p style=\"text-align: justify;\">El diplom\u00e1tico indic\u00f3 que &#8220;por el momento, el asunto no figura en la agenda del Consejo de Seguridad de la ONU u otras plataformas internacionales&#8221;.<\/p>\n<p style=\"text-align: justify;\">Subray\u00f3 &#8220;las tropas rusas controlan la situaci\u00f3n por completo, acorde a los objetivos de la operaci\u00f3n militar especial&#8221;.<\/p>\n<p style=\"text-align: justify;\">Seg\u00fan Ilichov, desde hace a\u00f1os Ucrania ha saboteado sus obligaciones en virtud de los Acuerdos de Minsk, lo que llev\u00f3 a que estos &#8220;pr\u00e1cticamente perdieran su vigor&#8221;.<\/p>\n<p style=\"text-align: justify;\"><strong><em>fm\/ws<\/em><\/strong><\/p>\n","protected":false},"excerpt":{"rendered":"<p>Mosc\u00fa, 14 mar (SANA) \u00a0El jefe del departamento de organizaciones internacionales de la Canciller\u00eda rusa, Piotr Ilichov, consider\u00f3 en declaraciones a la agencia Sputnik, que no ve motivos para el env\u00edo de los cascos azules a Ucrania. El diplom\u00e1tico indic\u00f3 que &#8220;por el momento, el asunto no figura en la agenda del Consejo de Seguridad &hellip;<\/p>\n","protected":false},"author":35,"featured_media":223439,"comment_status":"closed","ping_status":"closed","sticky":false,"template":"","format":"standard","meta":{"footnotes":""},"categories":[597,456,457,7541],"tags":[],"class_list":["post-223438","post","type-post","status-publish","format-standard","has-post-thumbnail","","category-cinta-de-noticias","category-arabe-internacional-politica","category-noticias-arabe-internacional-politica","category-ultimas-noticias"],"_links":{"self":[{"href":"https:\/\/archive.sana.sy\/es\/index.php?rest_route=\/wp\/v2\/posts\/223438"}],"collection":[{"href":"https:\/\/archive.sana.sy\/es\/index.php?rest_route=\/wp\/v2\/posts"}],"about":[{"href":"https:\/\/archive.sana.sy\/es\/index.php?rest_route=\/wp\/v2\/types\/post"}],"author":[{"embeddable":true,"href":"https:\/\/archive.sana.sy\/es\/index.php?rest_route=\/wp\/v2\/users\/35"}],"replies":[{"embeddable":true,"href":"https:\/\/archive.sana.sy\/es\/index.php?rest_route=%2Fwp%2Fv2%2Fcomments&post=223438"}],"version-history":[{"count":0,"href":"https:\/\/archive.sana.sy\/es\/index.php?rest_route=\/wp\/v2\/posts\/223438\/revisions"}],"wp:featuredmedia":[{"embeddable":true,"href":"https:\/\/archive.sana.sy\/es\/index.php?rest_route=\/wp\/v2\/media\/223439"}],"wp:attachment":[{"href":"https:\/\/archive.sana.sy\/es\/index.php?rest_route=%2Fwp%2Fv2%2Fmedia&parent=223438"}],"wp:term":[{"taxonomy":"category","embeddable":true,"href":"https:\/\/archive.sana.sy\/es\/index.php?rest_route=%2Fwp%2Fv2%2Fcategories&post=223438"},{"taxonomy":"post_tag","embeddable":true,"href":"https:\/\/archive.sana.sy\/es\/index.php?rest_route=%2Fwp%2Fv2%2Ftags&post=223438"}],"curies":[{"name":"wp","href":"https:\/\/api.w.org\/{rel}","templated":true}]}}