{"id":223544,"date":"2022-03-14T20:38:32","date_gmt":"2022-03-14T18:38:32","guid":{"rendered":"http:\/\/107.6.182.27\/es\/?p=223544"},"modified":"2023-01-10T16:37:36","modified_gmt":"2023-01-10T14:37:36","slug":"desmantelada-una-celula-terrorista-en-el-suroeste-de-iran","status":"publish","type":"post","link":"https:\/\/archive.sana.sy\/es\/?p=223544","title":{"rendered":"Desmantelada una c\u00e9lula terrorista en el suroeste de Ir\u00e1n"},"content":{"rendered":"<p style=\"text-align: justify;\"><span style=\"color: #800000;\"><strong>Teher\u00e1n, 14 mar (SANA)\u00a0 \u00a0<\/strong><\/span>El ministerio de Seguridad de Ir\u00e1n anunci\u00f3 el lunes el desmantelamiento de una c\u00e9lula terrorista en el suroeste del pa\u00eds.<\/p>\n<p style=\"text-align: justify;\">Por medio de un comunicado, el ministerio detall\u00f3 que seis terroristas pertenecientes a agencias de inteligencia extranjeras fueron monitoreados y arrestados, quienes ingresaron al pa\u00eds en una misi\u00f3n para asesinar a extranjeros que trabajan en proyectos de construcci\u00f3n de infraestructura en las provincias de Sist\u00e1n y Baluchist\u00e1n en el sureste de Ir\u00e1n.<\/p>\n<p style=\"text-align: justify;\">Anteriormente, Ir\u00e1n revel\u00f3 que hab\u00eda puesto al descubierto una gran red de espionaje dirigida por una agencia de inteligencia israel\u00ed en Azarbaiy\u00e1n Occidental el pasado domingo.<\/p>\n<p style=\"text-align: justify;\"><em>mm<\/em><\/p>\n","protected":false},"excerpt":{"rendered":"<p>Teher\u00e1n, 14 mar (SANA)\u00a0 \u00a0El ministerio de Seguridad de Ir\u00e1n anunci\u00f3 el lunes el desmantelamiento de una c\u00e9lula terrorista en el suroeste del pa\u00eds. Por medio de un comunicado, el ministerio detall\u00f3 que seis terroristas pertenecientes a agencias de inteligencia extranjeras fueron monitoreados y arrestados, quienes ingresaron al pa\u00eds en una misi\u00f3n para asesinar a &hellip;<\/p>\n","protected":false},"author":36,"featured_media":223545,"comment_status":"closed","ping_status":"closed","sticky":false,"template":"","format":"standard","meta":{"footnotes":""},"categories":[597,456,457],"tags":[],"class_list":["post-223544","post","type-post","status-publish","format-standard","has-post-thumbnail","","category-cinta-de-noticias","category-arabe-internacional-politica","category-noticias-arabe-internacional-politica"],"_links":{"self":[{"href":"https:\/\/archive.sana.sy\/es\/index.php?rest_route=\/wp\/v2\/posts\/223544"}],"collection":[{"href":"https:\/\/archive.sana.sy\/es\/index.php?rest_route=\/wp\/v2\/posts"}],"about":[{"href":"https:\/\/archive.sana.sy\/es\/index.php?rest_route=\/wp\/v2\/types\/post"}],"author":[{"embeddable":true,"href":"https:\/\/archive.sana.sy\/es\/index.php?rest_route=\/wp\/v2\/users\/36"}],"replies":[{"embeddable":true,"href":"https:\/\/archive.sana.sy\/es\/index.php?rest_route=%2Fwp%2Fv2%2Fcomments&post=223544"}],"version-history":[{"count":0,"href":"https:\/\/archive.sana.sy\/es\/index.php?rest_route=\/wp\/v2\/posts\/223544\/revisions"}],"wp:featuredmedia":[{"embeddable":true,"href":"https:\/\/archive.sana.sy\/es\/index.php?rest_route=\/wp\/v2\/media\/223545"}],"wp:attachment":[{"href":"https:\/\/archive.sana.sy\/es\/index.php?rest_route=%2Fwp%2Fv2%2Fmedia&parent=223544"}],"wp:term":[{"taxonomy":"category","embeddable":true,"href":"https:\/\/archive.sana.sy\/es\/index.php?rest_route=%2Fwp%2Fv2%2Fcategories&post=223544"},{"taxonomy":"post_tag","embeddable":true,"href":"https:\/\/archive.sana.sy\/es\/index.php?rest_route=%2Fwp%2Fv2%2Ftags&post=223544"}],"curies":[{"name":"wp","href":"https:\/\/api.w.org\/{rel}","templated":true}]}}