{"id":223547,"date":"2022-03-14T20:50:08","date_gmt":"2022-03-14T18:50:08","guid":{"rendered":"http:\/\/107.6.182.27\/es\/?p=223547"},"modified":"2022-03-14T20:50:08","modified_gmt":"2022-03-14T18:50:08","slug":"cancilleres-de-rusia-e-iran-examinaran-el-martes-la-crisis-en-siria","status":"publish","type":"post","link":"https:\/\/archive.sana.sy\/es\/?p=223547","title":{"rendered":"Cancilleres de Rusia e Ir\u00e1n examinar\u00e1n el martes la crisis en Siria"},"content":{"rendered":"<p style=\"text-align: justify;\"><span style=\"color: #800000;\"><strong>Mosc\u00fa, 14 mar (SANA)\u00a0 \u00a0<\/strong><\/span>El Ministerio de Exteriores de Rusia anunci\u00f3 que el canciller, Sergei Lavrov, discutir\u00e1 el martes en Mosc\u00fa con su hom\u00f3logo iran\u00ed, Hossein Amir Abdullahian, la soluci\u00f3n pol\u00edtica a la crisis en Siria, el plan de acci\u00f3n conjunto sobre el acuerdo nuclear de Ir\u00e1n y la situaci\u00f3n en Ucrania.<\/p>\n<p style=\"text-align: justify;\">&#8220;Lavrov y Abdullahian prestar\u00e1n especial atenci\u00f3n al Plan de Acci\u00f3n Integral Conjunto sobre el programa nuclear de Ir\u00e1n en el contexto de las conversaciones de Viena que llegaron a su recta final; tambi\u00e9n abordar\u00e1n la situaci\u00f3n actual en Ucrania a la sombra de la operaci\u00f3n militar rusa all\u00ed&#8221;, dijo la Canciller\u00eda rusa en una nota citada por TASS.<\/p>\n<p style=\"text-align: justify;\">El comunicado agreg\u00f3 que se espera que los dos Cancilleres discutan la soluci\u00f3n pol\u00edtica de la crisis en Siria y otros asuntos regionales, incluida la situaci\u00f3n en el Mar Caspio, Afganist\u00e1n, Transcaucasia, la regi\u00f3n del Golfo, Yemen y el arreglo en Medio Oriente.<\/p>\n<p style=\"text-align: justify;\">En su nota, la Canciller\u00eda rusa ratific\u00f3 que el desarrollo de la cooperaci\u00f3n ruso-iran\u00ed continuar\u00e1 a pesar de las sanciones occidentales contra Rusia.<\/p>\n<p style=\"text-align: justify;\">A\u00f1adi\u00f3 que Rusia tiene la intenci\u00f3n de expandir las relaciones mutuamente beneficiosas con Ir\u00e1n por el bien de la estabilidad regional y la seguridad internacional.<\/p>\n<p style=\"text-align: justify;\">\u201cContamos con fortalecer las tendencias positivas en todas las \u00e1reas de la cooperaci\u00f3n ruso-iran\u00ed&#8221;, dijo la canciller\u00eda, se\u00f1alando que los pasos hostiles y restrictivos tomados por los pa\u00edses occidentales no impedir\u00e1n que Rusia mantenga su intenci\u00f3n de fortalecer gradualmente una asociaci\u00f3n multifac\u00e9tica con Ir\u00e1n.<\/p>\n<p style=\"text-align: justify;\"><em><strong>ah\/rsh<\/strong><\/em><\/p>\n","protected":false},"excerpt":{"rendered":"<p>Mosc\u00fa, 14 mar (SANA)\u00a0 \u00a0El Ministerio de Exteriores de Rusia anunci\u00f3 que el canciller, Sergei Lavrov, discutir\u00e1 el martes en Mosc\u00fa con su hom\u00f3logo iran\u00ed, Hossein Amir Abdullahian, la soluci\u00f3n pol\u00edtica a la crisis en Siria, el plan de acci\u00f3n conjunto sobre el acuerdo nuclear de Ir\u00e1n y la situaci\u00f3n en Ucrania. &#8220;Lavrov y Abdullahian &hellip;<\/p>\n","protected":false},"author":30,"featured_media":223548,"comment_status":"closed","ping_status":"closed","sticky":false,"template":"","format":"standard","meta":{"footnotes":""},"categories":[447,597,457,467,7541],"tags":[],"class_list":["post-223547","post","type-post","status-publish","format-standard","has-post-thumbnail","","category-local-politica","category-cinta-de-noticias","category-noticias-arabe-internacional-politica","category-siria-y-el-mundo","category-ultimas-noticias"],"_links":{"self":[{"href":"https:\/\/archive.sana.sy\/es\/index.php?rest_route=\/wp\/v2\/posts\/223547"}],"collection":[{"href":"https:\/\/archive.sana.sy\/es\/index.php?rest_route=\/wp\/v2\/posts"}],"about":[{"href":"https:\/\/archive.sana.sy\/es\/index.php?rest_route=\/wp\/v2\/types\/post"}],"author":[{"embeddable":true,"href":"https:\/\/archive.sana.sy\/es\/index.php?rest_route=\/wp\/v2\/users\/30"}],"replies":[{"embeddable":true,"href":"https:\/\/archive.sana.sy\/es\/index.php?rest_route=%2Fwp%2Fv2%2Fcomments&post=223547"}],"version-history":[{"count":0,"href":"https:\/\/archive.sana.sy\/es\/index.php?rest_route=\/wp\/v2\/posts\/223547\/revisions"}],"wp:featuredmedia":[{"embeddable":true,"href":"https:\/\/archive.sana.sy\/es\/index.php?rest_route=\/wp\/v2\/media\/223548"}],"wp:attachment":[{"href":"https:\/\/archive.sana.sy\/es\/index.php?rest_route=%2Fwp%2Fv2%2Fmedia&parent=223547"}],"wp:term":[{"taxonomy":"category","embeddable":true,"href":"https:\/\/archive.sana.sy\/es\/index.php?rest_route=%2Fwp%2Fv2%2Fcategories&post=223547"},{"taxonomy":"post_tag","embeddable":true,"href":"https:\/\/archive.sana.sy\/es\/index.php?rest_route=%2Fwp%2Fv2%2Ftags&post=223547"}],"curies":[{"name":"wp","href":"https:\/\/api.w.org\/{rel}","templated":true}]}}