{"id":223550,"date":"2022-03-14T20:55:20","date_gmt":"2022-03-14T18:55:20","guid":{"rendered":"http:\/\/107.6.182.27\/es\/?p=223550"},"modified":"2022-03-14T20:56:05","modified_gmt":"2022-03-14T18:56:05","slug":"el-jueves-comenzara-el-festival-siria-historia-y-civilizaciones","status":"publish","type":"post","link":"https:\/\/archive.sana.sy\/es\/?p=223550","title":{"rendered":"El jueves comenzar\u00e1 el festival \u201cSiria, Historia y Civilizaciones\u201d"},"content":{"rendered":"<p style=\"text-align: justify;\"><span style=\"color: #800000;\"><strong>Damasco, 14 mar (SANA) <\/strong><\/span>El pr\u00f3ximo jueves, se lanzar\u00e1n las actividades del festival \u201cSiria, Historia y Civilizaciones\u201d organizado por el Sindicato General de Artesanos en cooperaci\u00f3n con la Fundaci\u00f3n de Desarrollo al-Majed y el Banco Bemo de Microfinanzas, con la participaci\u00f3n de m\u00e1s de 60 artesanos.<\/p>\n<p style=\"text-align: justify;\">Las actividades del festival incluyen seminarios y talleres diarios con el fin de dar a conocer las perspectivas de exportaci\u00f3n disponibles, y las formas de obtener financiamiento para peque\u00f1os proyectos, adem\u00e1s habr\u00e1 fiestas patrimoniales y de homenaje a los artesanos familiares de m\u00e1rtires y heridos del ej\u00e9rcito.<\/p>\n<p style=\"text-align: justify;\">El presidente de la Uni\u00f3n General de Artesanos, Naji al-Hadawa, se\u00f1al\u00f3 durante una rueda de prensa la importancia del festival para resaltar el patrimonio cultural y artesanal que existe en Siria, se\u00f1alando que el gremio trabajar\u00e1 para comercializar externamente los productos de los artesanos.<\/p>\n<p style=\"text-align: justify;\">El Director de la Fundaci\u00f3n al-Majed para el Desarrollo, Majid al-Raqbi, indic\u00f3 que el papel de la Fundaci\u00f3n es crear oportunidades de capacitaci\u00f3n de acuerdo con altos est\u00e1ndares y abrir mercados de exportaci\u00f3n.<\/p>\n<p style=\"text-align: justify;\">Por su parte, Ali Aswad, Director de Operaciones del Banco Bemo, explic\u00f3 que los bancos de microfinanzas son un apoyo a los bancos gubernamentales y privados, gracias a su flexibilidad pues apuntan a un gran segmento de peque\u00f1os productores y empresas y, a aquellos cuyos ingresos son limitados otorg\u00e1ndoles pr\u00e9stamos operativos.<\/p>\n<p style=\"text-align: justify;\"><em><strong>rsh\/ah<\/strong><\/em><\/p>\n","protected":false},"excerpt":{"rendered":"<p>Damasco, 14 mar (SANA) El pr\u00f3ximo jueves, se lanzar\u00e1n las actividades del festival \u201cSiria, Historia y Civilizaciones\u201d organizado por el Sindicato General de Artesanos en cooperaci\u00f3n con la Fundaci\u00f3n de Desarrollo al-Majed y el Banco Bemo de Microfinanzas, con la participaci\u00f3n de m\u00e1s de 60 artesanos. Las actividades del festival incluyen seminarios y talleres diarios &hellip;<\/p>\n","protected":false},"author":30,"featured_media":223551,"comment_status":"closed","ping_status":"closed","sticky":false,"template":"","format":"standard","meta":{"footnotes":""},"categories":[597,476,7541],"tags":[],"class_list":["post-223550","post","type-post","status-publish","format-standard","has-post-thumbnail","","category-cinta-de-noticias","category-locales","category-ultimas-noticias"],"_links":{"self":[{"href":"https:\/\/archive.sana.sy\/es\/index.php?rest_route=\/wp\/v2\/posts\/223550"}],"collection":[{"href":"https:\/\/archive.sana.sy\/es\/index.php?rest_route=\/wp\/v2\/posts"}],"about":[{"href":"https:\/\/archive.sana.sy\/es\/index.php?rest_route=\/wp\/v2\/types\/post"}],"author":[{"embeddable":true,"href":"https:\/\/archive.sana.sy\/es\/index.php?rest_route=\/wp\/v2\/users\/30"}],"replies":[{"embeddable":true,"href":"https:\/\/archive.sana.sy\/es\/index.php?rest_route=%2Fwp%2Fv2%2Fcomments&post=223550"}],"version-history":[{"count":0,"href":"https:\/\/archive.sana.sy\/es\/index.php?rest_route=\/wp\/v2\/posts\/223550\/revisions"}],"wp:featuredmedia":[{"embeddable":true,"href":"https:\/\/archive.sana.sy\/es\/index.php?rest_route=\/wp\/v2\/media\/223551"}],"wp:attachment":[{"href":"https:\/\/archive.sana.sy\/es\/index.php?rest_route=%2Fwp%2Fv2%2Fmedia&parent=223550"}],"wp:term":[{"taxonomy":"category","embeddable":true,"href":"https:\/\/archive.sana.sy\/es\/index.php?rest_route=%2Fwp%2Fv2%2Fcategories&post=223550"},{"taxonomy":"post_tag","embeddable":true,"href":"https:\/\/archive.sana.sy\/es\/index.php?rest_route=%2Fwp%2Fv2%2Ftags&post=223550"}],"curies":[{"name":"wp","href":"https:\/\/api.w.org\/{rel}","templated":true}]}}