{"id":22357,"date":"2015-05-01T20:51:35","date_gmt":"2015-05-01T17:51:35","guid":{"rendered":"http:\/\/www.sanasyria.org\/es\/?p=22357"},"modified":"2015-05-01T22:40:57","modified_gmt":"2015-05-01T19:40:57","slug":"detenidos-en-viena-dos-presuntos-yihadistas-que-pretendian-viajar-a-siria","status":"publish","type":"post","link":"https:\/\/archive.sana.sy\/es\/?p=22357","title":{"rendered":"Detenidos en Viena dos presuntos yihadistas que pretend\u00edan viajar a Siria"},"content":{"rendered":"<p style=\"text-align: justify\"><span style=\"color: #0000ff\">Viena-SANA<\/span><\/p>\n<p>La polic\u00eda austr\u00edaca ha detenido\u00a0 en el aeropuerto internacional de Viena a una pareja de presuntos yihadistas que pretend\u00eda viajar a Siria, inform\u00f3 el diario austr\u00edaco Kronen Zeitung en su p\u00e1gina web.<\/p>\n<p>Seg\u00fan el rotativo, la hermana de la joven de 16 a\u00f1os que iba a viajar junto a su marido, de 24 a\u00f1os, avis\u00f3 a las autoridades del plan de la pareja de ir a Turqu\u00eda y desde all\u00ed a Siria.<\/p>\n<p>El objetivo del viaje habr\u00eda sido unirse en Siria a la organizacion terrorista \u201cDaesh\u201d.<\/p>\n<p>El marido de la joven ser\u00eda una persona conocida por la polic\u00eda como yihadista, nacido en Georgia y nacionalizado austr\u00edaco, seg\u00fan afirma el diario.<\/p>\n<p>La polic\u00eda ha confirmado a la agencia austr\u00edaca de noticias la detenci\u00f3n de dos personas en el aeropuerto vien\u00e9s, pero sin dar m\u00e1s informaci\u00f3n al respecto.<\/p>\n<p><span style=\"color: #800000\">M.Miri<\/span><\/p>\n","protected":false},"excerpt":{"rendered":"<p>Viena-SANA La polic\u00eda austr\u00edaca ha detenido\u00a0 en el aeropuerto internacional de Viena a una pareja de presuntos yihadistas que pretend\u00eda viajar a Siria, inform\u00f3 el diario austr\u00edaco Kronen Zeitung en su p\u00e1gina web. Seg\u00fan el rotativo, la hermana de la joven de 16 a\u00f1os que iba a viajar junto a su marido, de 24 a\u00f1os, &hellip;<\/p>\n","protected":false},"author":1,"featured_media":22361,"comment_status":"closed","ping_status":"closed","sticky":false,"template":"","format":"standard","meta":{"footnotes":""},"categories":[576],"tags":[5088],"class_list":["post-22357","post","type-post","status-publish","format-standard","has-post-thumbnail","","category-noticias-politicas","tag-detenidos-en-viena-dos-presuntos-yihadistas-que-pretendian-viajar-a-siria"],"_links":{"self":[{"href":"https:\/\/archive.sana.sy\/es\/index.php?rest_route=\/wp\/v2\/posts\/22357"}],"collection":[{"href":"https:\/\/archive.sana.sy\/es\/index.php?rest_route=\/wp\/v2\/posts"}],"about":[{"href":"https:\/\/archive.sana.sy\/es\/index.php?rest_route=\/wp\/v2\/types\/post"}],"author":[{"embeddable":true,"href":"https:\/\/archive.sana.sy\/es\/index.php?rest_route=\/wp\/v2\/users\/1"}],"replies":[{"embeddable":true,"href":"https:\/\/archive.sana.sy\/es\/index.php?rest_route=%2Fwp%2Fv2%2Fcomments&post=22357"}],"version-history":[{"count":0,"href":"https:\/\/archive.sana.sy\/es\/index.php?rest_route=\/wp\/v2\/posts\/22357\/revisions"}],"wp:featuredmedia":[{"embeddable":true,"href":"https:\/\/archive.sana.sy\/es\/index.php?rest_route=\/wp\/v2\/media\/22361"}],"wp:attachment":[{"href":"https:\/\/archive.sana.sy\/es\/index.php?rest_route=%2Fwp%2Fv2%2Fmedia&parent=22357"}],"wp:term":[{"taxonomy":"category","embeddable":true,"href":"https:\/\/archive.sana.sy\/es\/index.php?rest_route=%2Fwp%2Fv2%2Fcategories&post=22357"},{"taxonomy":"post_tag","embeddable":true,"href":"https:\/\/archive.sana.sy\/es\/index.php?rest_route=%2Fwp%2Fv2%2Ftags&post=22357"}],"curies":[{"name":"wp","href":"https:\/\/api.w.org\/{rel}","templated":true}]}}