{"id":223581,"date":"2022-03-14T21:41:49","date_gmt":"2022-03-14T19:41:49","guid":{"rendered":"http:\/\/107.6.182.27\/es\/?p=223581"},"modified":"2023-01-10T16:37:36","modified_gmt":"2023-01-10T14:37:36","slug":"fuerzas-espaciales-rusas-erradican-las-fuerzas-principales-de-los-neonazis-en-el-perimetro-de-mariupol","status":"publish","type":"post","link":"https:\/\/archive.sana.sy\/es\/?p=223581","title":{"rendered":"Fuerzas especiales rusas erradican las fuerzas principales de los neonazis en el per\u00edmetro de Mari\u00fapol"},"content":{"rendered":"<p style=\"text-align: justify;\"><span style=\"color: #800000;\"><strong>Mosc\u00fa, 14 (SANA)<\/strong> <\/span>El Ministerio de Defensa de Rusia declar\u00f3 que el operativo destinado a liberar a Mari\u00fapol de combatientes neonazis ucranianos consegui\u00f3 abrir los corredores humanitarios e iniciar la evacuaci\u00f3n de los civiles de la ciudad.<\/p>\n<p style=\"text-align: justify;\">Esto fue anunciado por el jefe del Centro nacional de gesti\u00f3n de la defensa de Rusia, Mija\u00edl Miz\u00edntsev, citado por la cadena RT.<\/p>\n<p style=\"text-align: justify;\">&#8220;Han sido destruidos casi todos los puestos de tiro organizados por los neonazis en las afueras de Mari\u00fapol, y al mismo tiempo, las subdivisiones especiales lograron erradicar a las fuerzas principales de los neonazis en las zonas residenciales en el per\u00edmetro de la ciudad.<\/p>\n<p style=\"text-align: justify;\">Por otra parte, desde el Ministerio de Defensa ruso denunciaron que la situaci\u00f3n humanitaria en Ucrania sigue deterior\u00e1ndose, mientras que la ciudad de Mari\u00fapol &#8220;desde hace tiempo se encontraba en una situaci\u00f3n sumamente dif\u00edcil&#8221;.<\/p>\n<p style=\"text-align: justify;\">Seg\u00fan Miz\u00edntsev, los combatientes neonazis ucranianos contin\u00faan erradicando a la poblaci\u00f3n rusohablante en el pa\u00eds.<\/p>\n<p style=\"text-align: justify;\">Sobre la evacuaci\u00f3n de los civiles, revel\u00f3 que Mosc\u00fa acept\u00f3 los once corredores humanitarios adicionales propuestos por Kiev en las direcciones de Kiev, Zaporozhie, Mari\u00fapol, Lugansk y Donetsk, anunciaron desde el ministerio ruso. Mientras, las autoridades ucranianas aprobaron para este lunes tres de las diez rutas de evacuaci\u00f3n propuestas por Mosc\u00fa.<\/p>\n<p style=\"text-align: justify;\"><span style=\"color: #0000ff;\"><strong>fm\/ah<\/strong><\/span><\/p>\n","protected":false},"excerpt":{"rendered":"<p>Mosc\u00fa, 14 (SANA) El Ministerio de Defensa de Rusia declar\u00f3 que el operativo destinado a liberar a Mari\u00fapol de combatientes neonazis ucranianos consegui\u00f3 abrir los corredores humanitarios e iniciar la evacuaci\u00f3n de los civiles de la ciudad. Esto fue anunciado por el jefe del Centro nacional de gesti\u00f3n de la defensa de Rusia, Mija\u00edl Miz\u00edntsev, &hellip;<\/p>\n","protected":false},"author":30,"featured_media":223582,"comment_status":"closed","ping_status":"closed","sticky":false,"template":"","format":"standard","meta":{"footnotes":""},"categories":[447,597,456,457,7541],"tags":[],"class_list":["post-223581","post","type-post","status-publish","format-standard","has-post-thumbnail","","category-local-politica","category-cinta-de-noticias","category-arabe-internacional-politica","category-noticias-arabe-internacional-politica","category-ultimas-noticias"],"_links":{"self":[{"href":"https:\/\/archive.sana.sy\/es\/index.php?rest_route=\/wp\/v2\/posts\/223581"}],"collection":[{"href":"https:\/\/archive.sana.sy\/es\/index.php?rest_route=\/wp\/v2\/posts"}],"about":[{"href":"https:\/\/archive.sana.sy\/es\/index.php?rest_route=\/wp\/v2\/types\/post"}],"author":[{"embeddable":true,"href":"https:\/\/archive.sana.sy\/es\/index.php?rest_route=\/wp\/v2\/users\/30"}],"replies":[{"embeddable":true,"href":"https:\/\/archive.sana.sy\/es\/index.php?rest_route=%2Fwp%2Fv2%2Fcomments&post=223581"}],"version-history":[{"count":0,"href":"https:\/\/archive.sana.sy\/es\/index.php?rest_route=\/wp\/v2\/posts\/223581\/revisions"}],"wp:featuredmedia":[{"embeddable":true,"href":"https:\/\/archive.sana.sy\/es\/index.php?rest_route=\/wp\/v2\/media\/223582"}],"wp:attachment":[{"href":"https:\/\/archive.sana.sy\/es\/index.php?rest_route=%2Fwp%2Fv2%2Fmedia&parent=223581"}],"wp:term":[{"taxonomy":"category","embeddable":true,"href":"https:\/\/archive.sana.sy\/es\/index.php?rest_route=%2Fwp%2Fv2%2Fcategories&post=223581"},{"taxonomy":"post_tag","embeddable":true,"href":"https:\/\/archive.sana.sy\/es\/index.php?rest_route=%2Fwp%2Fv2%2Ftags&post=223581"}],"curies":[{"name":"wp","href":"https:\/\/api.w.org\/{rel}","templated":true}]}}