{"id":223613,"date":"2022-03-15T09:09:08","date_gmt":"2022-03-15T07:09:08","guid":{"rendered":"http:\/\/107.6.182.27\/es\/?p=223613"},"modified":"2023-01-10T15:32:50","modified_gmt":"2023-01-10T13:32:50","slug":"titulares-de-la-agencia-sana-15de-marzo-2022","status":"publish","type":"post","link":"https:\/\/archive.sana.sy\/es\/?p=223613","title":{"rendered":"Titulares de la agencia SANA, 15de marzo 2022"},"content":{"rendered":"<p><span style=\"color: #800000;\"><strong>Damasco, 15mar (SANA)<\/strong><\/span><\/p>\n<p>????Vicecanciller recibe a organizaci\u00f3n noruega que pretende apoyar las actividades humanitarias en Siria.<\/p>\n<p>????Comienza Und\u00e9cimo Congreso del Frente Nacional Progresista.<\/p>\n<p>????Lavron reitera necesidad de resolver pol\u00edticamente la crisis en Siria.<\/p>\n<p>????Fuerzas especiales rusas erradican las fuerzas principales de los neonazis en el per\u00edmetro de Mari\u00fapol.<\/p>\n<p>????Pek\u00edn: Washington debe dar explicaci\u00f3n exhaustiva de sus investigaciones biol\u00f3gicas en el extranjero.<\/p>\n<p>????Misil bal\u00edstico ucraniano contra Donetsk mata a 20 civiles, incluidos ni\u00f1os.<\/p>\n<p>????Primer campeonato en Siria del deporte\u00a0 Jiu-jitsu.<\/p>\n<p>????Mueren dos ni\u00f1os por estallido de mina remanente de terroristas en Alepo.<\/p>\n<p>????El Kremlin: Todos los planes de desmilitarizaci\u00f3n de Ucrania se llevar\u00e1n a cabo seg\u00fan lo previsto.<\/p>\n<p>????Hallan sistemas de misiles estadounidenses en sitios de nacionalistas ucranianos.<\/p>\n<p>????Cualquier intento de reprimirnos fracasar\u00e1, afirma China.<\/p>\n<p>????El jueves comenzar\u00e1 el festival \u201cSiria, Historia y Civilizaciones\u201d.<\/p>\n","protected":false},"excerpt":{"rendered":"<p>Damasco, 15mar (SANA) ????Vicecanciller recibe a organizaci\u00f3n noruega que pretende apoyar las actividades humanitarias en Siria. ????Comienza Und\u00e9cimo Congreso del Frente Nacional Progresista. ????Lavron reitera necesidad de resolver pol\u00edticamente la crisis en Siria. ????Fuerzas especiales rusas erradican las fuerzas principales de los neonazis en el per\u00edmetro de Mari\u00fapol. ????Pek\u00edn: Washington debe dar explicaci\u00f3n exhaustiva de &hellip;<\/p>\n","protected":false},"author":35,"featured_media":223614,"comment_status":"closed","ping_status":"closed","sticky":false,"template":"","format":"standard","meta":{"footnotes":""},"categories":[477,447,555,597,476,7541],"tags":[1347,19728],"class_list":["post-223613","post","type-post","status-publish","format-standard","has-post-thumbnail","","category-noticias-edulcorantes","category-local-politica","category-prensa","category-cinta-de-noticias","category-locales","category-ultimas-noticias","tag-sana","tag-titulares"],"_links":{"self":[{"href":"https:\/\/archive.sana.sy\/es\/index.php?rest_route=\/wp\/v2\/posts\/223613"}],"collection":[{"href":"https:\/\/archive.sana.sy\/es\/index.php?rest_route=\/wp\/v2\/posts"}],"about":[{"href":"https:\/\/archive.sana.sy\/es\/index.php?rest_route=\/wp\/v2\/types\/post"}],"author":[{"embeddable":true,"href":"https:\/\/archive.sana.sy\/es\/index.php?rest_route=\/wp\/v2\/users\/35"}],"replies":[{"embeddable":true,"href":"https:\/\/archive.sana.sy\/es\/index.php?rest_route=%2Fwp%2Fv2%2Fcomments&post=223613"}],"version-history":[{"count":0,"href":"https:\/\/archive.sana.sy\/es\/index.php?rest_route=\/wp\/v2\/posts\/223613\/revisions"}],"wp:featuredmedia":[{"embeddable":true,"href":"https:\/\/archive.sana.sy\/es\/index.php?rest_route=\/wp\/v2\/media\/223614"}],"wp:attachment":[{"href":"https:\/\/archive.sana.sy\/es\/index.php?rest_route=%2Fwp%2Fv2%2Fmedia&parent=223613"}],"wp:term":[{"taxonomy":"category","embeddable":true,"href":"https:\/\/archive.sana.sy\/es\/index.php?rest_route=%2Fwp%2Fv2%2Fcategories&post=223613"},{"taxonomy":"post_tag","embeddable":true,"href":"https:\/\/archive.sana.sy\/es\/index.php?rest_route=%2Fwp%2Fv2%2Ftags&post=223613"}],"curies":[{"name":"wp","href":"https:\/\/api.w.org\/{rel}","templated":true}]}}