{"id":223616,"date":"2022-03-15T09:14:27","date_gmt":"2022-03-15T07:14:27","guid":{"rendered":"http:\/\/107.6.182.27\/es\/?p=223616"},"modified":"2023-01-10T16:37:34","modified_gmt":"2023-01-10T14:37:34","slug":"soldados-israelies-asesinan-a-sangre-feria-a-un-joven-palestino","status":"publish","type":"post","link":"https:\/\/archive.sana.sy\/es\/?p=223616","title":{"rendered":"Soldados israel\u00edes asesinan a sangre feria a tres palestinos"},"content":{"rendered":"<p style=\"text-align: justify;\"><strong><span style=\"color: #800000;\">Jerusal\u00e9n ocupada, 15 mar (SANA)<\/span><\/strong>\u00a0 Tres palestinos perdieron su vida entre ellos un joven de 17 a\u00f1os de edad y otros nueve fueron lesionados en horas de la madrugada de este martes, cuando las fuerzas de ocupaci\u00f3n israel\u00edes abrieron fuego en su contra al este de la ciudad de Naplusa, en Cisjordania.<\/p>\n<p style=\"text-align: justify;\">Seg\u00fan inform\u00f3 la agencia palestina Wafa, los militares irrumpieron en el campo de refugiados \u00a8Balata\u00a8 y dispararon contra los palestinos lo que provoc\u00f3 la muerte de los palestinos.<\/p>\n<p style=\"text-align: justify;\">Decenas de estudiantes resultaron heridos el domingo \u00faltimo por redadas de las tropas sionistas en el campo de refugiados de Al-Arroub, al norte de Hebr\u00f3n, en Cisjordania.<\/p>\n<p style=\"text-align: justify;\"><strong><em>ws\/fm<\/em><\/strong><\/p>\n","protected":false},"excerpt":{"rendered":"<p>Jerusal\u00e9n ocupada, 15 mar (SANA)\u00a0 Tres palestinos perdieron su vida entre ellos un joven de 17 a\u00f1os de edad y otros nueve fueron lesionados en horas de la madrugada de este martes, cuando las fuerzas de ocupaci\u00f3n israel\u00edes abrieron fuego en su contra al este de la ciudad de Naplusa, en Cisjordania. Seg\u00fan inform\u00f3 la &hellip;<\/p>\n","protected":false},"author":35,"featured_media":223619,"comment_status":"closed","ping_status":"closed","sticky":false,"template":"","format":"standard","meta":{"footnotes":""},"categories":[597,456,457,7541],"tags":[],"class_list":["post-223616","post","type-post","status-publish","format-standard","has-post-thumbnail","","category-cinta-de-noticias","category-arabe-internacional-politica","category-noticias-arabe-internacional-politica","category-ultimas-noticias"],"_links":{"self":[{"href":"https:\/\/archive.sana.sy\/es\/index.php?rest_route=\/wp\/v2\/posts\/223616"}],"collection":[{"href":"https:\/\/archive.sana.sy\/es\/index.php?rest_route=\/wp\/v2\/posts"}],"about":[{"href":"https:\/\/archive.sana.sy\/es\/index.php?rest_route=\/wp\/v2\/types\/post"}],"author":[{"embeddable":true,"href":"https:\/\/archive.sana.sy\/es\/index.php?rest_route=\/wp\/v2\/users\/35"}],"replies":[{"embeddable":true,"href":"https:\/\/archive.sana.sy\/es\/index.php?rest_route=%2Fwp%2Fv2%2Fcomments&post=223616"}],"version-history":[{"count":0,"href":"https:\/\/archive.sana.sy\/es\/index.php?rest_route=\/wp\/v2\/posts\/223616\/revisions"}],"wp:featuredmedia":[{"embeddable":true,"href":"https:\/\/archive.sana.sy\/es\/index.php?rest_route=\/wp\/v2\/media\/223619"}],"wp:attachment":[{"href":"https:\/\/archive.sana.sy\/es\/index.php?rest_route=%2Fwp%2Fv2%2Fmedia&parent=223616"}],"wp:term":[{"taxonomy":"category","embeddable":true,"href":"https:\/\/archive.sana.sy\/es\/index.php?rest_route=%2Fwp%2Fv2%2Fcategories&post=223616"},{"taxonomy":"post_tag","embeddable":true,"href":"https:\/\/archive.sana.sy\/es\/index.php?rest_route=%2Fwp%2Fv2%2Ftags&post=223616"}],"curies":[{"name":"wp","href":"https:\/\/api.w.org\/{rel}","templated":true}]}}