{"id":223633,"date":"2022-03-15T10:28:07","date_gmt":"2022-03-15T08:28:07","guid":{"rendered":"http:\/\/107.6.182.27\/es\/?p=223633"},"modified":"2023-01-10T16:37:34","modified_gmt":"2023-01-10T14:37:34","slug":"fuerzas-rusas-destruyen-siete-puestos-de-mando-y-cuatro-sistemas-de-misiles-antiaereos-ucranianos-durante-el-ultimo-dia","status":"publish","type":"post","link":"https:\/\/archive.sana.sy\/es\/?p=223633","title":{"rendered":"Fuerzas rusas destruyen siete puestos de mando y cuatro sistemas de misiles antia\u00e9reos ucranianos durante el \u00faltimo d\u00eda"},"content":{"rendered":"<p style=\"text-align: justify;\"><strong><span style=\"color: #800000;\">Mosc\u00fa, 15 mar (SANA)\u00a0<\/span><\/strong> \u00a0Las fuerzas aeroespaciales rusas inhabilitaron durante el \u00faltimo d\u00eda a 136 instalaciones militares en Ucrania, incluidos 7 puestos de mando y centros de comunicaci\u00f3n y 4 sistemas de misiles antia\u00e9reos.<\/p>\n<p style=\"text-align: justify;\">Seg\u00fan declar\u00f3 el portavoz del Ministerio de Defensa de Rusia, \u00cdgor Konash\u00e9nkov, los militares rusos controlan completamente el territorio de la regi\u00f3n ucraniana de Jers\u00f3n.<\/p>\n<p style=\"text-align: justify;\">\nNota en desarrollo..<\/p>\n<p>fm\/ed<\/p>\n","protected":false},"excerpt":{"rendered":"<p>Mosc\u00fa, 15 mar (SANA)\u00a0 \u00a0Las fuerzas aeroespaciales rusas inhabilitaron durante el \u00faltimo d\u00eda a 136 instalaciones militares en Ucrania, incluidos 7 puestos de mando y centros de comunicaci\u00f3n y 4 sistemas de misiles antia\u00e9reos. Seg\u00fan declar\u00f3 el portavoz del Ministerio de Defensa de Rusia, \u00cdgor Konash\u00e9nkov, los militares rusos controlan completamente el territorio de la &hellip;<\/p>\n","protected":false},"author":32,"featured_media":223634,"comment_status":"closed","ping_status":"closed","sticky":false,"template":"","format":"standard","meta":{"footnotes":""},"categories":[597,456,7541],"tags":[],"class_list":["post-223633","post","type-post","status-publish","format-standard","has-post-thumbnail","","category-cinta-de-noticias","category-arabe-internacional-politica","category-ultimas-noticias"],"_links":{"self":[{"href":"https:\/\/archive.sana.sy\/es\/index.php?rest_route=\/wp\/v2\/posts\/223633"}],"collection":[{"href":"https:\/\/archive.sana.sy\/es\/index.php?rest_route=\/wp\/v2\/posts"}],"about":[{"href":"https:\/\/archive.sana.sy\/es\/index.php?rest_route=\/wp\/v2\/types\/post"}],"author":[{"embeddable":true,"href":"https:\/\/archive.sana.sy\/es\/index.php?rest_route=\/wp\/v2\/users\/32"}],"replies":[{"embeddable":true,"href":"https:\/\/archive.sana.sy\/es\/index.php?rest_route=%2Fwp%2Fv2%2Fcomments&post=223633"}],"version-history":[{"count":0,"href":"https:\/\/archive.sana.sy\/es\/index.php?rest_route=\/wp\/v2\/posts\/223633\/revisions"}],"wp:featuredmedia":[{"embeddable":true,"href":"https:\/\/archive.sana.sy\/es\/index.php?rest_route=\/wp\/v2\/media\/223634"}],"wp:attachment":[{"href":"https:\/\/archive.sana.sy\/es\/index.php?rest_route=%2Fwp%2Fv2%2Fmedia&parent=223633"}],"wp:term":[{"taxonomy":"category","embeddable":true,"href":"https:\/\/archive.sana.sy\/es\/index.php?rest_route=%2Fwp%2Fv2%2Fcategories&post=223633"},{"taxonomy":"post_tag","embeddable":true,"href":"https:\/\/archive.sana.sy\/es\/index.php?rest_route=%2Fwp%2Fv2%2Ftags&post=223633"}],"curies":[{"name":"wp","href":"https:\/\/api.w.org\/{rel}","templated":true}]}}