{"id":223654,"date":"2022-03-15T11:56:03","date_gmt":"2022-03-15T09:56:03","guid":{"rendered":"http:\/\/107.6.182.27\/es\/?p=223654"},"modified":"2023-01-10T16:37:33","modified_gmt":"2023-01-10T14:37:33","slug":"eslovaquia-proporciona-mas-armamento-a-ucrania","status":"publish","type":"post","link":"https:\/\/archive.sana.sy\/es\/?p=223654","title":{"rendered":"Eslovaquia proporciona m\u00e1s armamento a Ucrania"},"content":{"rendered":"<p style=\"text-align: justify;\"><strong><span style=\"color: #800000;\">Bratislava, 15 mar (SANA)\u00a0<\/span> <\/strong>\u00a0El Gobierno eslovaco decidi\u00f3 proporcionar armamento a Ucrania por valor de dos mil 155 millones de euros, tras haber acordado la semana pasada proporcionarle una ayuda de 9,99 millones de euros.<\/p>\n<p style=\"text-align: justify;\">El ministro de Defensa eslovaco, Jaroslav Nad, anunci\u00f3 que cerca de 1.200 militares de pa\u00edses de la OTAN estar\u00e1n presentes en Eslovaquia como parte del fortalecimiento de la presencia de la alianza en Europa del Este.<\/p>\n<p style=\"text-align: justify;\">El parlamento eslovaco aprobar\u00e1 la presencia de 2.100 soldados, explic\u00f3.<\/p>\n<p style=\"text-align: justify;\">Los pa\u00edses occidentales siguen suministrando armas a Ucrania como parte de sus crecientes pol\u00edticas antirrusas.<\/p>\n<p style=\"text-align: justify;\">ed\/fm<\/p>\n","protected":false},"excerpt":{"rendered":"<p>Bratislava, 15 mar (SANA)\u00a0 \u00a0El Gobierno eslovaco decidi\u00f3 proporcionar armamento a Ucrania por valor de dos mil 155 millones de euros, tras haber acordado la semana pasada proporcionarle una ayuda de 9,99 millones de euros. El ministro de Defensa eslovaco, Jaroslav Nad, anunci\u00f3 que cerca de 1.200 militares de pa\u00edses de la OTAN estar\u00e1n presentes &hellip;<\/p>\n","protected":false},"author":32,"featured_media":223655,"comment_status":"closed","ping_status":"closed","sticky":false,"template":"","format":"standard","meta":{"footnotes":""},"categories":[597,456,457,7541],"tags":[20641,20357],"class_list":["post-223654","post","type-post","status-publish","format-standard","has-post-thumbnail","","category-cinta-de-noticias","category-arabe-internacional-politica","category-noticias-arabe-internacional-politica","category-ultimas-noticias","tag-bratislava","tag-ucrania"],"_links":{"self":[{"href":"https:\/\/archive.sana.sy\/es\/index.php?rest_route=\/wp\/v2\/posts\/223654"}],"collection":[{"href":"https:\/\/archive.sana.sy\/es\/index.php?rest_route=\/wp\/v2\/posts"}],"about":[{"href":"https:\/\/archive.sana.sy\/es\/index.php?rest_route=\/wp\/v2\/types\/post"}],"author":[{"embeddable":true,"href":"https:\/\/archive.sana.sy\/es\/index.php?rest_route=\/wp\/v2\/users\/32"}],"replies":[{"embeddable":true,"href":"https:\/\/archive.sana.sy\/es\/index.php?rest_route=%2Fwp%2Fv2%2Fcomments&post=223654"}],"version-history":[{"count":0,"href":"https:\/\/archive.sana.sy\/es\/index.php?rest_route=\/wp\/v2\/posts\/223654\/revisions"}],"wp:featuredmedia":[{"embeddable":true,"href":"https:\/\/archive.sana.sy\/es\/index.php?rest_route=\/wp\/v2\/media\/223655"}],"wp:attachment":[{"href":"https:\/\/archive.sana.sy\/es\/index.php?rest_route=%2Fwp%2Fv2%2Fmedia&parent=223654"}],"wp:term":[{"taxonomy":"category","embeddable":true,"href":"https:\/\/archive.sana.sy\/es\/index.php?rest_route=%2Fwp%2Fv2%2Fcategories&post=223654"},{"taxonomy":"post_tag","embeddable":true,"href":"https:\/\/archive.sana.sy\/es\/index.php?rest_route=%2Fwp%2Fv2%2Ftags&post=223654"}],"curies":[{"name":"wp","href":"https:\/\/api.w.org\/{rel}","templated":true}]}}