{"id":223657,"date":"2022-03-15T12:00:38","date_gmt":"2022-03-15T10:00:38","guid":{"rendered":"http:\/\/107.6.182.27\/es\/?p=223657"},"modified":"2023-01-10T16:37:33","modified_gmt":"2023-01-10T14:37:33","slug":"rusia-exige-a-medios-de-ee-uu-detener-su-propaganda-en-su-contra","status":"publish","type":"post","link":"https:\/\/archive.sana.sy\/es\/?p=223657","title":{"rendered":"Rusia exige a medios de EE.UU. detener su propaganda en su contra"},"content":{"rendered":"<p style=\"text-align: justify;\"><strong><span style=\"color: #800000;\">Washington, 15 mar (SANA)<\/span><\/strong>\u00a0 El embajador ruso en Washington, Anatoly Antonov, exigi\u00f3 a los medios estadounidenses que detengan sus pol\u00edtica\u00a0 de doble moral y parcial en la cobertura de la operaci\u00f3n rusa en Ucrania y consider\u00f3 que este enfoque incitar\u00eda el odio contra Rusia.<\/p>\n<p style=\"text-align: justify;\">La gran mayor\u00eda de los informes difundidos por los medios occidentales muestra al ej\u00e9rcito ruso como un agresor, lejos de la realidad de los hechos. Algunos canales de televisi\u00f3n estadounidenses hicieron caso omiso sobre el reciente ataque con misiles ucranianos contra Donetsk, y que provoc\u00f3 la muerte de 20 personas, incluidos ni\u00f1os, dijo Antonov a la revista estadounidense Newsweek.<\/p>\n<p style=\"text-align: justify;\">El diplom\u00e1tico subray\u00f3 que estos medios de comunicaci\u00f3n no se preocupan por la libertad de expresi\u00f3n y la pluralidad de opiniones.<\/p>\n<p style=\"text-align: justify;\"><em><strong>ws\/fm<\/strong><\/em><\/p>\n","protected":false},"excerpt":{"rendered":"<p>Washington, 15 mar (SANA)\u00a0 El embajador ruso en Washington, Anatoly Antonov, exigi\u00f3 a los medios estadounidenses que detengan sus pol\u00edtica\u00a0 de doble moral y parcial en la cobertura de la operaci\u00f3n rusa en Ucrania y consider\u00f3 que este enfoque incitar\u00eda el odio contra Rusia. La gran mayor\u00eda de los informes difundidos por los medios occidentales &hellip;<\/p>\n","protected":false},"author":35,"featured_media":223659,"comment_status":"closed","ping_status":"closed","sticky":false,"template":"","format":"standard","meta":{"footnotes":""},"categories":[597,456,457,7541],"tags":[],"class_list":["post-223657","post","type-post","status-publish","format-standard","has-post-thumbnail","","category-cinta-de-noticias","category-arabe-internacional-politica","category-noticias-arabe-internacional-politica","category-ultimas-noticias"],"_links":{"self":[{"href":"https:\/\/archive.sana.sy\/es\/index.php?rest_route=\/wp\/v2\/posts\/223657"}],"collection":[{"href":"https:\/\/archive.sana.sy\/es\/index.php?rest_route=\/wp\/v2\/posts"}],"about":[{"href":"https:\/\/archive.sana.sy\/es\/index.php?rest_route=\/wp\/v2\/types\/post"}],"author":[{"embeddable":true,"href":"https:\/\/archive.sana.sy\/es\/index.php?rest_route=\/wp\/v2\/users\/35"}],"replies":[{"embeddable":true,"href":"https:\/\/archive.sana.sy\/es\/index.php?rest_route=%2Fwp%2Fv2%2Fcomments&post=223657"}],"version-history":[{"count":0,"href":"https:\/\/archive.sana.sy\/es\/index.php?rest_route=\/wp\/v2\/posts\/223657\/revisions"}],"wp:featuredmedia":[{"embeddable":true,"href":"https:\/\/archive.sana.sy\/es\/index.php?rest_route=\/wp\/v2\/media\/223659"}],"wp:attachment":[{"href":"https:\/\/archive.sana.sy\/es\/index.php?rest_route=%2Fwp%2Fv2%2Fmedia&parent=223657"}],"wp:term":[{"taxonomy":"category","embeddable":true,"href":"https:\/\/archive.sana.sy\/es\/index.php?rest_route=%2Fwp%2Fv2%2Fcategories&post=223657"},{"taxonomy":"post_tag","embeddable":true,"href":"https:\/\/archive.sana.sy\/es\/index.php?rest_route=%2Fwp%2Fv2%2Ftags&post=223657"}],"curies":[{"name":"wp","href":"https:\/\/api.w.org\/{rel}","templated":true}]}}