{"id":22368,"date":"2015-05-02T13:02:09","date_gmt":"2015-05-02T10:02:09","guid":{"rendered":"http:\/\/www.sana.sy\/es\/?p=22368"},"modified":"2015-05-02T13:02:09","modified_gmt":"2015-05-02T10:02:09","slug":"churkin-responsabiliza-a-ee-uu-de-los-efectos-de-los-bombardeos-contra-yemen","status":"publish","type":"post","link":"https:\/\/archive.sana.sy\/es\/?p=22368","title":{"rendered":"Churkin responsabiliza a EE.UU de los efectos de los bombardeos contra Yemen"},"content":{"rendered":"<p><span style=\"color: #800000\">Mosc\u00fa, SANA<\/span><\/p>\n<p>El Representante Permanente de Rusia ante las Naciones Unidas, Vitaly Churkin, responsabiliz\u00f3 a Washington por los efectos de los bombardeos contra Yemen, haciendo alusi\u00f3n al apoyo de Washington a la operaci\u00f3n militar dirigida por Riad.<\/p>\n<p>Churkin declar\u00f3 despu\u00e9s de una reuni\u00f3n a puerta cerrada del Consejo de Seguridad de la ONU sobre la situaci\u00f3n humanitaria en Yemen, que Mosc\u00fa entiende la actual pol\u00edtica de Washington, pero este \u00faltimo debe asumir su responsabilidad.<\/p>\n<p>\u201cSi ellos apoyan los bombardeos de la coalici\u00f3n deber\u00edan asumir la responsabilidad de las consecuencias humanitarias y de la inmunidad de las instalaciones diplom\u00e1ticas&#8221;, dijo el delegaci\u00f3n ruso, en referencia a la tierra pr\u00f3xima a la embajada de Rusia en San\u00e1 y que fue bombardeada.<\/p>\n<p>El representante permanente de Rusia ante las Naciones Unidas y supuso que la explosi\u00f3n, que ocurri\u00f3 a unos 200 metros del edificio de la Embajada de Rusia fue causada por el impacto de un cohete o una bomba, se\u00f1alando que este tipo de incidentes son motivo de grave preocupaci\u00f3n.<\/p>\n<p>Churkin enfatiz\u00f3 que Rusia le preocupa en primer lugar la situaci\u00f3n humanitaria en Yemen, indicando que este pa\u00eds sufre ya una crisis de medicamentos y de alimentos, y adem\u00e1s el bloqueo aeronaval y los bombardeos realizados por Arabia Saudita y sus aliados han impedido la entrada de ayuda humanitaria a Yemen.<\/p>\n<p>Fady M., Lynn A.<\/p>\n","protected":false},"excerpt":{"rendered":"<p>Mosc\u00fa, SANA El Representante Permanente de Rusia ante las Naciones Unidas, Vitaly Churkin, responsabiliz\u00f3 a Washington por los efectos de los bombardeos contra Yemen, haciendo alusi\u00f3n al apoyo de Washington a la operaci\u00f3n militar dirigida por Riad. Churkin declar\u00f3 despu\u00e9s de una reuni\u00f3n a puerta cerrada del Consejo de Seguridad de la ONU sobre la &hellip;<\/p>\n","protected":false},"author":24,"featured_media":17122,"comment_status":"closed","ping_status":"closed","sticky":false,"template":"","format":"standard","meta":{"footnotes":""},"categories":[456,457,576],"tags":[5090],"class_list":["post-22368","post","type-post","status-publish","format-standard","has-post-thumbnail","","category-arabe-internacional-politica","category-noticias-arabe-internacional-politica","category-noticias-politicas","tag-churkin-responsabiliza-a-ee-uu-de-los-efectos-de-los-bombardeos-contra-yemen"],"_links":{"self":[{"href":"https:\/\/archive.sana.sy\/es\/index.php?rest_route=\/wp\/v2\/posts\/22368"}],"collection":[{"href":"https:\/\/archive.sana.sy\/es\/index.php?rest_route=\/wp\/v2\/posts"}],"about":[{"href":"https:\/\/archive.sana.sy\/es\/index.php?rest_route=\/wp\/v2\/types\/post"}],"author":[{"embeddable":true,"href":"https:\/\/archive.sana.sy\/es\/index.php?rest_route=\/wp\/v2\/users\/24"}],"replies":[{"embeddable":true,"href":"https:\/\/archive.sana.sy\/es\/index.php?rest_route=%2Fwp%2Fv2%2Fcomments&post=22368"}],"version-history":[{"count":0,"href":"https:\/\/archive.sana.sy\/es\/index.php?rest_route=\/wp\/v2\/posts\/22368\/revisions"}],"wp:featuredmedia":[{"embeddable":true,"href":"https:\/\/archive.sana.sy\/es\/index.php?rest_route=\/wp\/v2\/media\/17122"}],"wp:attachment":[{"href":"https:\/\/archive.sana.sy\/es\/index.php?rest_route=%2Fwp%2Fv2%2Fmedia&parent=22368"}],"wp:term":[{"taxonomy":"category","embeddable":true,"href":"https:\/\/archive.sana.sy\/es\/index.php?rest_route=%2Fwp%2Fv2%2Fcategories&post=22368"},{"taxonomy":"post_tag","embeddable":true,"href":"https:\/\/archive.sana.sy\/es\/index.php?rest_route=%2Fwp%2Fv2%2Ftags&post=22368"}],"curies":[{"name":"wp","href":"https:\/\/api.w.org\/{rel}","templated":true}]}}