{"id":223750,"date":"2022-03-15T20:34:55","date_gmt":"2022-03-15T18:34:55","guid":{"rendered":"http:\/\/107.6.182.27\/es\/?p=223750"},"modified":"2023-01-10T16:37:31","modified_gmt":"2023-01-10T14:37:31","slug":"colonos-israelies-arrancan-200-olivos-de-agricultores-palestinos","status":"publish","type":"post","link":"https:\/\/archive.sana.sy\/es\/?p=223750","title":{"rendered":"Colonos israel\u00edes arrancan 200 olivos de agricultores palestinos"},"content":{"rendered":"<p style=\"text-align: justify;\"><strong><span style=\"color: #800000;\">Jerusal\u00e9n ocupada, 15 mar (SANA)<\/span> <\/strong>Colonos israel\u00edes asaltaron hoy tierras palestinas en la localidad de Bedia al oeste de Salfit en Cisjordania y arrancaron a decenas de olivos.<\/p>\n<p style=\"text-align: justify;\">La agencia de noticias Wafa inform\u00f3 que los colonos arrancaron 200 \u00e1rboles de olivos con el objetivo de apoderarse de las tierras palestinas y expandir las colonias establecidas en la regi\u00f3n.<\/p>\n<p style=\"text-align: justify;\">Adem\u00e1s, \u00f1as fuerzas de ocupaci\u00f3n israel\u00edes demolieron dos casas palestinas y una instalaci\u00f3n comercial en Umm al-Fahm, dentro de los territorios ocupados en 1948.<\/p>\n<p style=\"text-align: justify;\">mm<\/p>\n","protected":false},"excerpt":{"rendered":"<p>Jerusal\u00e9n ocupada, 15 mar (SANA) Colonos israel\u00edes asaltaron hoy tierras palestinas en la localidad de Bedia al oeste de Salfit en Cisjordania y arrancaron a decenas de olivos. La agencia de noticias Wafa inform\u00f3 que los colonos arrancaron 200 \u00e1rboles de olivos con el objetivo de apoderarse de las tierras palestinas y expandir las colonias &hellip;<\/p>\n","protected":false},"author":36,"featured_media":223751,"comment_status":"closed","ping_status":"closed","sticky":false,"template":"","format":"standard","meta":{"footnotes":""},"categories":[597,456,457],"tags":[],"class_list":["post-223750","post","type-post","status-publish","format-standard","has-post-thumbnail","","category-cinta-de-noticias","category-arabe-internacional-politica","category-noticias-arabe-internacional-politica"],"_links":{"self":[{"href":"https:\/\/archive.sana.sy\/es\/index.php?rest_route=\/wp\/v2\/posts\/223750"}],"collection":[{"href":"https:\/\/archive.sana.sy\/es\/index.php?rest_route=\/wp\/v2\/posts"}],"about":[{"href":"https:\/\/archive.sana.sy\/es\/index.php?rest_route=\/wp\/v2\/types\/post"}],"author":[{"embeddable":true,"href":"https:\/\/archive.sana.sy\/es\/index.php?rest_route=\/wp\/v2\/users\/36"}],"replies":[{"embeddable":true,"href":"https:\/\/archive.sana.sy\/es\/index.php?rest_route=%2Fwp%2Fv2%2Fcomments&post=223750"}],"version-history":[{"count":0,"href":"https:\/\/archive.sana.sy\/es\/index.php?rest_route=\/wp\/v2\/posts\/223750\/revisions"}],"wp:featuredmedia":[{"embeddable":true,"href":"https:\/\/archive.sana.sy\/es\/index.php?rest_route=\/wp\/v2\/media\/223751"}],"wp:attachment":[{"href":"https:\/\/archive.sana.sy\/es\/index.php?rest_route=%2Fwp%2Fv2%2Fmedia&parent=223750"}],"wp:term":[{"taxonomy":"category","embeddable":true,"href":"https:\/\/archive.sana.sy\/es\/index.php?rest_route=%2Fwp%2Fv2%2Fcategories&post=223750"},{"taxonomy":"post_tag","embeddable":true,"href":"https:\/\/archive.sana.sy\/es\/index.php?rest_route=%2Fwp%2Fv2%2Ftags&post=223750"}],"curies":[{"name":"wp","href":"https:\/\/api.w.org\/{rel}","templated":true}]}}