{"id":223753,"date":"2022-03-15T20:45:43","date_gmt":"2022-03-15T18:45:43","guid":{"rendered":"http:\/\/107.6.182.27\/es\/?p=223753"},"modified":"2023-01-10T14:19:29","modified_gmt":"2023-01-10T12:19:29","slug":"comienzan-en-damasco-actividades-de-la-conferencia-la-iglesia-es-casa-de-amor","status":"publish","type":"post","link":"https:\/\/archive.sana.sy\/es\/?p=223753","title":{"rendered":"Comienzan en Damasco actividades de la conferencia \u201cLa Iglesia es Casa de Amor\u201d"},"content":{"rendered":"<p style=\"text-align: justify;\"><span style=\"color: #800000;\"><strong>Damasco, 15 mar (SANA)<\/strong> <\/span>Ha comenzado este martes en el Palacio de Conferencias en Damasco las actividades de la conferencia \u201cLa Iglesia es la Casa de Amor\u201d, iniciativa organizada por el Congreso de las m\u00e1ximas autoridades de las iglesias cat\u00f3licas que se realizar\u00e1 a lo largo de tres d\u00edas.<\/p>\n<p><a href=\"http:\/\/107.6.182.27\/es\/wp-content\/uploads\/2022\/03\/Awqaf.jpg\"><img loading=\"lazy\" decoding=\"async\" class=\"size-medium wp-image-223764 alignleft\" src=\"http:\/\/107.6.182.27\/es\/wp-content\/uploads\/2022\/03\/Awqaf-300x171.jpg\" alt=\"\" width=\"300\" height=\"171\" srcset=\"https:\/\/archive.sana.sy\/es\/wp-content\/uploads\/2022\/03\/Awqaf-300x171.jpg 300w, https:\/\/archive.sana.sy\/es\/wp-content\/uploads\/2022\/03\/Awqaf-150x85.jpg 150w, https:\/\/archive.sana.sy\/es\/wp-content\/uploads\/2022\/03\/Awqaf.jpg 660w\" sizes=\"(max-width: 300px) 100vw, 300px\" \/><\/a><\/p>\n<p style=\"text-align: justify;\">En unas palabras, el ministro de Awqaf, Mohamad Abdul Sattar Assayed destac\u00f3 que la familia siria ha sufrido durante a\u00f1os la guerra agresiva y terrorista patrocinada por muchos pa\u00edses que alegan defender la democracia y proteger los derechos humanos, cuando en realidad apoyan el terrorismo y la ideolog\u00eda extremista que desprecia todas religiones y sus ense\u00f1anzas.<\/p>\n<p style=\"text-align: justify;\">Por su parte, el secretario de la Conferencia, monse\u00f1or Antoine Audo, pronunci\u00f3 un discurso del Papa Francisco en el que dijo: \u201cMientras contin\u00faa la guerra en Siria, que ha entrado en su duod\u00e9cimo a\u00f1o y causa sufrimiento, hambre y muerte al pueblo sirio, las iniciativas siguen dando esperanza a este pueblo que se mantuvo resistente en su tierra\u2026.. De aqu\u00ed aprovechamos la oportunidad para decir a todos los cristianos de esta tierra que nosotros no nos hemos olvidado de ustedes porque la Iglesia les sigue con especial inter\u00e9s\u201d.<\/p>\n<p style=\"text-align: justify;\">El patriarca de Antioqu\u00eda y todo el Oriente para la comunidad cristiana greco-cat\u00f3lica melquita , Yussef al-Absi, agradeci\u00f3 a los donantes y a otros que llegaron del exterior, desafiando las medidas coercitivas aplicadas contra Siria para con el fin de expresarle al pueblo sirio su amor y solidaridad.<\/p>\n<p style=\"text-align: justify;\">En declaraciones a SANA, el Patriarca de Antioqu\u00eda y todo el Oriente, Autoridad Suprema de la Iglesia Siriaca Ortodoxa en el mundo, Mar Ignatius Aphrem II, destac\u00f3 que la conferencia es una oportunidad para arrojar luz sobre el trabajo de las instituciones y organizaciones eclesi\u00e1sticas que respondieron al llamado para ayudar al pueblo sirio a superar las secuelas de la guerra terrorista, y dirigi\u00f3 un llamado para el levantamiento inmediato del injusto asedio al pueblo sirio para que pueda vivir con dignidad.<\/p>\n<div id='gallery-1' class='gallery galleryid-223753 gallery-columns-1 gallery-size-large'><figure class='gallery-item'>\n\t\t\t<div class='gallery-icon landscape'>\n\t\t\t\t<a href='https:\/\/archive.sana.sy\/es\/wp-content\/uploads\/2022\/03\/photo_2022-03-15_10-06-17-1-scaled.jpg'><img loading=\"lazy\" decoding=\"async\" width=\"618\" height=\"348\" src=\"https:\/\/archive.sana.sy\/es\/wp-content\/uploads\/2022\/03\/photo_2022-03-15_10-06-17-1-1024x576.jpg\" class=\"attachment-large size-large\" alt=\"\" srcset=\"https:\/\/archive.sana.sy\/es\/wp-content\/uploads\/2022\/03\/photo_2022-03-15_10-06-17-1-1024x576.jpg 1024w, https:\/\/archive.sana.sy\/es\/wp-content\/uploads\/2022\/03\/photo_2022-03-15_10-06-17-1-300x169.jpg 300w, https:\/\/archive.sana.sy\/es\/wp-content\/uploads\/2022\/03\/photo_2022-03-15_10-06-17-1-150x84.jpg 150w, https:\/\/archive.sana.sy\/es\/wp-content\/uploads\/2022\/03\/photo_2022-03-15_10-06-17-1-768x432.jpg 768w, https:\/\/archive.sana.sy\/es\/wp-content\/uploads\/2022\/03\/photo_2022-03-15_10-06-17-1-1536x864.jpg 1536w, https:\/\/archive.sana.sy\/es\/wp-content\/uploads\/2022\/03\/photo_2022-03-15_10-06-17-1-2048x1152.jpg 2048w\" sizes=\"(max-width: 618px) 100vw, 618px\" \/><\/a>\n\t\t\t<\/div><\/figure><figure class='gallery-item'>\n\t\t\t<div class='gallery-icon landscape'>\n\t\t\t\t<a href='https:\/\/archive.sana.sy\/es\/wp-content\/uploads\/2022\/03\/photo_2022-03-15_10-16-53-1-scaled.jpg'><img loading=\"lazy\" decoding=\"async\" width=\"618\" height=\"367\" src=\"https:\/\/archive.sana.sy\/es\/wp-content\/uploads\/2022\/03\/photo_2022-03-15_10-16-53-1-1024x608.jpg\" class=\"attachment-large size-large\" alt=\"\" srcset=\"https:\/\/archive.sana.sy\/es\/wp-content\/uploads\/2022\/03\/photo_2022-03-15_10-16-53-1-1024x608.jpg 1024w, https:\/\/archive.sana.sy\/es\/wp-content\/uploads\/2022\/03\/photo_2022-03-15_10-16-53-1-300x178.jpg 300w, https:\/\/archive.sana.sy\/es\/wp-content\/uploads\/2022\/03\/photo_2022-03-15_10-16-53-1-150x89.jpg 150w, https:\/\/archive.sana.sy\/es\/wp-content\/uploads\/2022\/03\/photo_2022-03-15_10-16-53-1-768x456.jpg 768w, https:\/\/archive.sana.sy\/es\/wp-content\/uploads\/2022\/03\/photo_2022-03-15_10-16-53-1-1536x912.jpg 1536w, https:\/\/archive.sana.sy\/es\/wp-content\/uploads\/2022\/03\/photo_2022-03-15_10-16-53-1-2048x1216.jpg 2048w\" sizes=\"(max-width: 618px) 100vw, 618px\" \/><\/a>\n\t\t\t<\/div><\/figure><figure class='gallery-item'>\n\t\t\t<div class='gallery-icon landscape'>\n\t\t\t\t<a href='https:\/\/archive.sana.sy\/es\/wp-content\/uploads\/2022\/03\/photo_2022-03-15_10-18-12-1-scaled.jpg'><img loading=\"lazy\" decoding=\"async\" width=\"618\" height=\"346\" src=\"https:\/\/archive.sana.sy\/es\/wp-content\/uploads\/2022\/03\/photo_2022-03-15_10-18-12-1-1024x573.jpg\" class=\"attachment-large size-large\" alt=\"\" srcset=\"https:\/\/archive.sana.sy\/es\/wp-content\/uploads\/2022\/03\/photo_2022-03-15_10-18-12-1-1024x573.jpg 1024w, https:\/\/archive.sana.sy\/es\/wp-content\/uploads\/2022\/03\/photo_2022-03-15_10-18-12-1-300x168.jpg 300w, https:\/\/archive.sana.sy\/es\/wp-content\/uploads\/2022\/03\/photo_2022-03-15_10-18-12-1-150x84.jpg 150w, https:\/\/archive.sana.sy\/es\/wp-content\/uploads\/2022\/03\/photo_2022-03-15_10-18-12-1-768x430.jpg 768w, https:\/\/archive.sana.sy\/es\/wp-content\/uploads\/2022\/03\/photo_2022-03-15_10-18-12-1-1536x859.jpg 1536w, https:\/\/archive.sana.sy\/es\/wp-content\/uploads\/2022\/03\/photo_2022-03-15_10-18-12-1-2048x1146.jpg 2048w\" sizes=\"(max-width: 618px) 100vw, 618px\" \/><\/a>\n\t\t\t<\/div><\/figure>\n\t\t<\/div>\n\n<p style=\"text-align: justify;\">la<\/p>\n","protected":false},"excerpt":{"rendered":"<p>Damasco, 15 mar (SANA) Ha comenzado este martes en el Palacio de Conferencias en Damasco las actividades de la conferencia \u201cLa Iglesia es la Casa de Amor\u201d, iniciativa organizada por el Congreso de las m\u00e1ximas autoridades de las iglesias cat\u00f3licas que se realizar\u00e1 a lo largo de tres d\u00edas. En unas palabras, el ministro de &hellip;<\/p>\n","protected":false},"author":24,"featured_media":223754,"comment_status":"closed","ping_status":"closed","sticky":false,"template":"","format":"standard","meta":{"footnotes":""},"categories":[447,597,476,583],"tags":[],"class_list":["post-223753","post","type-post","status-publish","format-standard","has-post-thumbnail","","category-local-politica","category-cinta-de-noticias","category-locales","category-slide"],"_links":{"self":[{"href":"https:\/\/archive.sana.sy\/es\/index.php?rest_route=\/wp\/v2\/posts\/223753"}],"collection":[{"href":"https:\/\/archive.sana.sy\/es\/index.php?rest_route=\/wp\/v2\/posts"}],"about":[{"href":"https:\/\/archive.sana.sy\/es\/index.php?rest_route=\/wp\/v2\/types\/post"}],"author":[{"embeddable":true,"href":"https:\/\/archive.sana.sy\/es\/index.php?rest_route=\/wp\/v2\/users\/24"}],"replies":[{"embeddable":true,"href":"https:\/\/archive.sana.sy\/es\/index.php?rest_route=%2Fwp%2Fv2%2Fcomments&post=223753"}],"version-history":[{"count":0,"href":"https:\/\/archive.sana.sy\/es\/index.php?rest_route=\/wp\/v2\/posts\/223753\/revisions"}],"wp:featuredmedia":[{"embeddable":true,"href":"https:\/\/archive.sana.sy\/es\/index.php?rest_route=\/wp\/v2\/media\/223754"}],"wp:attachment":[{"href":"https:\/\/archive.sana.sy\/es\/index.php?rest_route=%2Fwp%2Fv2%2Fmedia&parent=223753"}],"wp:term":[{"taxonomy":"category","embeddable":true,"href":"https:\/\/archive.sana.sy\/es\/index.php?rest_route=%2Fwp%2Fv2%2Fcategories&post=223753"},{"taxonomy":"post_tag","embeddable":true,"href":"https:\/\/archive.sana.sy\/es\/index.php?rest_route=%2Fwp%2Fv2%2Ftags&post=223753"}],"curies":[{"name":"wp","href":"https:\/\/api.w.org\/{rel}","templated":true}]}}