{"id":223756,"date":"2022-03-15T20:47:11","date_gmt":"2022-03-15T18:47:11","guid":{"rendered":"http:\/\/107.6.182.27\/es\/?p=223756"},"modified":"2023-01-10T16:37:31","modified_gmt":"2023-01-10T14:37:31","slug":"rusia-anuncia-sanciones-contra-primer-ministro-canadiense","status":"publish","type":"post","link":"https:\/\/archive.sana.sy\/es\/?p=223756","title":{"rendered":"Rusia anuncia sanciones contra primer ministro canadiense"},"content":{"rendered":"<p style=\"text-align: justify;\"><span style=\"color: #800000;\"><strong>Mosc\u00fa, 15 mar (SANA)<\/strong> <\/span>El Gobierno de Rusia anunci\u00f3 hoy la imposici\u00f3n de sanciones contra el primer ministro canadiense, Justin Trudeau, adem\u00e1s contra los ministros de Defensa y Relaciones Exteriores canadienses seg\u00fan inform\u00f3 la agencia de noticias RIA Novosti.<\/p>\n<p style=\"text-align: justify;\">&#8220;Mosc\u00fa ha impuesto sanciones econ\u00f3micas a Trudeau y a dos de sus ministros, los ministros de Relaciones Exteriores y Defensa, adem\u00e1s de agregar a m\u00e1s de 300 parlamentarios canadienses a la lista negra&#8221;, dijo la agencia de noticias RIA Novosti citando al Ministerio de Relaciones Exteriores de Rusia.<\/p>\n<p style=\"text-align: justify;\">Las sanciones a los funcionarios canadienses se impusieron en respuesta a las acciones hostiles contra Rusia y sobre el principio de reciprocidad.<\/p>\n<p style=\"text-align: justify;\">El gobierno canadiense hab\u00eda anunciado que hab\u00eda impuesto un paquete de sanciones contra Rusia por la operaci\u00f3n militar rusa en Ucrania.<\/p>\n<p style=\"text-align: justify;\">mm<\/p>\n","protected":false},"excerpt":{"rendered":"<p>Mosc\u00fa, 15 mar (SANA) El Gobierno de Rusia anunci\u00f3 hoy la imposici\u00f3n de sanciones contra el primer ministro canadiense, Justin Trudeau, adem\u00e1s contra los ministros de Defensa y Relaciones Exteriores canadienses seg\u00fan inform\u00f3 la agencia de noticias RIA Novosti. &#8220;Mosc\u00fa ha impuesto sanciones econ\u00f3micas a Trudeau y a dos de sus ministros, los ministros de &hellip;<\/p>\n","protected":false},"author":36,"featured_media":223757,"comment_status":"closed","ping_status":"closed","sticky":false,"template":"","format":"standard","meta":{"footnotes":""},"categories":[597,456,457],"tags":[],"class_list":["post-223756","post","type-post","status-publish","format-standard","has-post-thumbnail","","category-cinta-de-noticias","category-arabe-internacional-politica","category-noticias-arabe-internacional-politica"],"_links":{"self":[{"href":"https:\/\/archive.sana.sy\/es\/index.php?rest_route=\/wp\/v2\/posts\/223756"}],"collection":[{"href":"https:\/\/archive.sana.sy\/es\/index.php?rest_route=\/wp\/v2\/posts"}],"about":[{"href":"https:\/\/archive.sana.sy\/es\/index.php?rest_route=\/wp\/v2\/types\/post"}],"author":[{"embeddable":true,"href":"https:\/\/archive.sana.sy\/es\/index.php?rest_route=\/wp\/v2\/users\/36"}],"replies":[{"embeddable":true,"href":"https:\/\/archive.sana.sy\/es\/index.php?rest_route=%2Fwp%2Fv2%2Fcomments&post=223756"}],"version-history":[{"count":0,"href":"https:\/\/archive.sana.sy\/es\/index.php?rest_route=\/wp\/v2\/posts\/223756\/revisions"}],"wp:featuredmedia":[{"embeddable":true,"href":"https:\/\/archive.sana.sy\/es\/index.php?rest_route=\/wp\/v2\/media\/223757"}],"wp:attachment":[{"href":"https:\/\/archive.sana.sy\/es\/index.php?rest_route=%2Fwp%2Fv2%2Fmedia&parent=223756"}],"wp:term":[{"taxonomy":"category","embeddable":true,"href":"https:\/\/archive.sana.sy\/es\/index.php?rest_route=%2Fwp%2Fv2%2Fcategories&post=223756"},{"taxonomy":"post_tag","embeddable":true,"href":"https:\/\/archive.sana.sy\/es\/index.php?rest_route=%2Fwp%2Fv2%2Ftags&post=223756"}],"curies":[{"name":"wp","href":"https:\/\/api.w.org\/{rel}","templated":true}]}}