{"id":223766,"date":"2022-03-15T21:13:20","date_gmt":"2022-03-15T19:13:20","guid":{"rendered":"http:\/\/107.6.182.27\/es\/?p=223766"},"modified":"2022-03-15T21:13:20","modified_gmt":"2022-03-15T19:13:20","slug":"exjefe-militar-argentino-eeuu-es-el-principal-responsable-del-conflicto-en-ucrania","status":"publish","type":"post","link":"https:\/\/archive.sana.sy\/es\/?p=223766","title":{"rendered":"Exjefe militar argentino: EEUU es el &#8220;principal responsable&#8221; del conflicto en Ucrania"},"content":{"rendered":"<p style=\"text-align: justify;\"><span style=\"color: #800000;\"><strong>Damasco, 15 mar (SANA)\u00a0<\/strong><\/span> \u00a0El general retirado argentino C\u00e9sar Milani, jefe del Estado Mayor del Ej\u00e9rcito argentino entre 2013 y 2015, advirti\u00f3 que la OTAN (Organizaci\u00f3n del Tratado del Atl\u00e1ntico Norte) &#8220;es el principal responsable&#8221; por el conflicto en Ucrania, al no respetar los pedidos que Rusia hace desde hace a\u00f1os con respecto a su expansi\u00f3n hacia el este.<\/p>\n<p style=\"text-align: justify;\">&#8220;La OTAN, Inglaterra y Estados Unidos asfixiaron y acorralaron a Putin y a Rusia, que por supuesto consideraba inviable tener a la OTAN en su frontera&#8221;, dijo durante una entrevista con la emisora Radio Rebelde de Argentina.<\/p>\n<p style=\"text-align: justify;\">Milani apunt\u00f3 que, de aceptar la expansi\u00f3n de la Alianza Atl\u00e1ntica en Ucrania, Rusia deber\u00eda aceptar &#8220;tener a la OTAN en su frontera, con la posibilidad de instalar bases misil\u00edsticas de corto y mediano alcance, con la posibilidad de llegar en forma inmediata a Mosc\u00fa&#8221;.<\/p>\n<p style=\"text-align: justify;\">Para comprender la postura de Rusia, el exjefe del Estado Mayor pidi\u00f3 imaginarse si &#8220;EEUU hubiera aceptado que Rusia le instalara bases en su frontera&#8221;.<\/p>\n<p style=\"text-align: justify;\">Seg\u00fan Milani, el conflicto en Ucrania podr\u00eda haberse evitado si se hubieran escuchado los reclamos &#8220;leg\u00edtimos&#8221; que Rusia ya hab\u00eda hecho desde hace a\u00f1os: que la OTAN no se expandiera hasta su frontera y que Ucrania respetara los acuerdos de Minsk, en que se acord\u00f3 la autonom\u00eda de las rep\u00fablicas separatistas de Donetsk y Lugansk y reconocer la reincorporaci\u00f3n de Crimea a Rusia surgida del refer\u00e9ndum de 2014. No solo el acuerdo no se cumpli\u00f3 sino que, m\u00e1s tarde, &#8220;no se atendieron los reclamos de Rusia&#8221;, insisti\u00f3 el militar.<\/p>\n<p style=\"text-align: justify;\">Milani remarc\u00f3 su rechazo a la guerra, la que calific\u00f3 como &#8220;un hecho humanamente calamitoso&#8221;, pero advirti\u00f3 que la operaci\u00f3n militar iniciada por Rusia el 24 de febrero debe ser considerada un episodio hist\u00f3rico de relevancia.<\/p>\n<p style=\"text-align: justify;\">&#8220;El 24 de febrero es una fecha que tenemos que tener en cuenta porque alguien se par\u00f3 en el tablero internacional, peg\u00f3 un golpe fuerte sobre la mesa y dijo &#8216;se acab\u00f3 el unilateralismo'&#8221;, sintetiz\u00f3, en relaci\u00f3n a la postura de Rusia ante Occidente.<\/p>\n<p style=\"text-align: justify;\">El exjefe del Estado Mayor del Ej\u00e9rcito apunt\u00f3 que, al mismo tiempo, &#8220;nace una alianza, una sinton\u00eda fina, entre Rusia y China, que pasa a tallar en el mundo una gran masa geopol\u00edtica y estrat\u00e9gica en potencia&#8221;.<\/p>\n<p><strong>Fuente: Sputnik<\/strong><\/p>\n","protected":false},"excerpt":{"rendered":"<p>Damasco, 15 mar (SANA)\u00a0 \u00a0El general retirado argentino C\u00e9sar Milani, jefe del Estado Mayor del Ej\u00e9rcito argentino entre 2013 y 2015, advirti\u00f3 que la OTAN (Organizaci\u00f3n del Tratado del Atl\u00e1ntico Norte) &#8220;es el principal responsable&#8221; por el conflicto en Ucrania, al no respetar los pedidos que Rusia hace desde hace a\u00f1os con respecto a su &hellip;<\/p>\n","protected":false},"author":36,"featured_media":223768,"comment_status":"closed","ping_status":"closed","sticky":false,"template":"","format":"standard","meta":{"footnotes":""},"categories":[16929,597,7541],"tags":[],"class_list":["post-223766","post","type-post","status-publish","format-standard","has-post-thumbnail","","category-articulos-de-opinion","category-cinta-de-noticias","category-ultimas-noticias"],"_links":{"self":[{"href":"https:\/\/archive.sana.sy\/es\/index.php?rest_route=\/wp\/v2\/posts\/223766"}],"collection":[{"href":"https:\/\/archive.sana.sy\/es\/index.php?rest_route=\/wp\/v2\/posts"}],"about":[{"href":"https:\/\/archive.sana.sy\/es\/index.php?rest_route=\/wp\/v2\/types\/post"}],"author":[{"embeddable":true,"href":"https:\/\/archive.sana.sy\/es\/index.php?rest_route=\/wp\/v2\/users\/36"}],"replies":[{"embeddable":true,"href":"https:\/\/archive.sana.sy\/es\/index.php?rest_route=%2Fwp%2Fv2%2Fcomments&post=223766"}],"version-history":[{"count":0,"href":"https:\/\/archive.sana.sy\/es\/index.php?rest_route=\/wp\/v2\/posts\/223766\/revisions"}],"wp:featuredmedia":[{"embeddable":true,"href":"https:\/\/archive.sana.sy\/es\/index.php?rest_route=\/wp\/v2\/media\/223768"}],"wp:attachment":[{"href":"https:\/\/archive.sana.sy\/es\/index.php?rest_route=%2Fwp%2Fv2%2Fmedia&parent=223766"}],"wp:term":[{"taxonomy":"category","embeddable":true,"href":"https:\/\/archive.sana.sy\/es\/index.php?rest_route=%2Fwp%2Fv2%2Fcategories&post=223766"},{"taxonomy":"post_tag","embeddable":true,"href":"https:\/\/archive.sana.sy\/es\/index.php?rest_route=%2Fwp%2Fv2%2Ftags&post=223766"}],"curies":[{"name":"wp","href":"https:\/\/api.w.org\/{rel}","templated":true}]}}