{"id":223787,"date":"2022-03-16T05:40:11","date_gmt":"2022-03-16T03:40:11","guid":{"rendered":"http:\/\/107.6.182.27\/es\/?p=223787"},"modified":"2023-01-10T16:37:30","modified_gmt":"2023-01-10T14:37:30","slug":"alemana-reitera-que-se-opone-a-la-imposicion-de-una-zona-de-exclusion-aerea-sobre-ucrania","status":"publish","type":"post","link":"https:\/\/archive.sana.sy\/es\/?p=223787","title":{"rendered":"Alemana reitera que se opone a la imposici\u00f3n de una zona de exclusi\u00f3n a\u00e9rea sobre Ucrania"},"content":{"rendered":"<p style=\"text-align: justify;\"><span style=\"color: #800000;\"><strong>Berl\u00edn, 16 mar (SANA)<\/strong><\/span>\u00a0\u00a0 El canciller alem\u00e1n Olaf Scholz dijo que su pa\u00eds se opone a la imposici\u00f3n de una zona de exclusi\u00f3n a\u00e9rea sobre Ucrania.<\/p>\n<p style=\"text-align: justify;\">&#8220;Nos oponemos a esto porque tal cosa significar\u00eda la posibilidad de una confrontaci\u00f3n militar directa entre la OTAN y Rusia en un momento en que nadie quiere que eso sucediera&#8221;, dijo Schulz en un seminario organizado por la peri\u00f3dico alem\u00e1n Die Welt.<\/p>\n<p style=\"text-align: justify;\">Agreg\u00f3 que \u00e9l comparte con los presidentes estadounidenses Joe Biden, el franc\u00e9s Emmanuel Macron y otros aliados, la opini\u00f3n de que no deber\u00eda haber una confrontaci\u00f3n militar entre la OTAN y Rusia\u201d.<\/p>\n<p style=\"text-align: justify;\">fm<\/p>\n<p style=\"text-align: justify;\">\n","protected":false},"excerpt":{"rendered":"<p>Berl\u00edn, 16 mar (SANA)\u00a0\u00a0 El canciller alem\u00e1n Olaf Scholz dijo que su pa\u00eds se opone a la imposici\u00f3n de una zona de exclusi\u00f3n a\u00e9rea sobre Ucrania. &#8220;Nos oponemos a esto porque tal cosa significar\u00eda la posibilidad de una confrontaci\u00f3n militar directa entre la OTAN y Rusia en un momento en que nadie quiere que eso &hellip;<\/p>\n","protected":false},"author":34,"featured_media":223788,"comment_status":"closed","ping_status":"closed","sticky":false,"template":"","format":"standard","meta":{"footnotes":""},"categories":[597,456,7541],"tags":[],"class_list":["post-223787","post","type-post","status-publish","format-standard","has-post-thumbnail","","category-cinta-de-noticias","category-arabe-internacional-politica","category-ultimas-noticias"],"_links":{"self":[{"href":"https:\/\/archive.sana.sy\/es\/index.php?rest_route=\/wp\/v2\/posts\/223787"}],"collection":[{"href":"https:\/\/archive.sana.sy\/es\/index.php?rest_route=\/wp\/v2\/posts"}],"about":[{"href":"https:\/\/archive.sana.sy\/es\/index.php?rest_route=\/wp\/v2\/types\/post"}],"author":[{"embeddable":true,"href":"https:\/\/archive.sana.sy\/es\/index.php?rest_route=\/wp\/v2\/users\/34"}],"replies":[{"embeddable":true,"href":"https:\/\/archive.sana.sy\/es\/index.php?rest_route=%2Fwp%2Fv2%2Fcomments&post=223787"}],"version-history":[{"count":0,"href":"https:\/\/archive.sana.sy\/es\/index.php?rest_route=\/wp\/v2\/posts\/223787\/revisions"}],"wp:featuredmedia":[{"embeddable":true,"href":"https:\/\/archive.sana.sy\/es\/index.php?rest_route=\/wp\/v2\/media\/223788"}],"wp:attachment":[{"href":"https:\/\/archive.sana.sy\/es\/index.php?rest_route=%2Fwp%2Fv2%2Fmedia&parent=223787"}],"wp:term":[{"taxonomy":"category","embeddable":true,"href":"https:\/\/archive.sana.sy\/es\/index.php?rest_route=%2Fwp%2Fv2%2Fcategories&post=223787"},{"taxonomy":"post_tag","embeddable":true,"href":"https:\/\/archive.sana.sy\/es\/index.php?rest_route=%2Fwp%2Fv2%2Ftags&post=223787"}],"curies":[{"name":"wp","href":"https:\/\/api.w.org\/{rel}","templated":true}]}}