{"id":223805,"date":"2022-03-16T08:20:24","date_gmt":"2022-03-16T06:20:24","guid":{"rendered":"http:\/\/107.6.182.27\/es\/?p=223805"},"modified":"2022-03-16T08:20:24","modified_gmt":"2022-03-16T06:20:24","slug":"la-operacion-militar-rusa-lograra-sus-objetivos-en-ucrania-y-europa-tendra-que-pagar-el-precio-del-dano-causado-a-las-relaciones-bilaterales-con-moscu-anuncio-ministerio-de-asuntos-exteriores-ruso","status":"publish","type":"post","link":"https:\/\/archive.sana.sy\/es\/?p=223805","title":{"rendered":"La operaci\u00f3n militar rusa lograr\u00e1 sus objetivos en Ucrania, y Europa tendr\u00e1 que pagar el precio del da\u00f1o causado a las relaciones bilaterales con Mosc\u00fa, anunci\u00f3 Ministerio de Asuntos Exteriores ruso"},"content":{"rendered":"","protected":false},"excerpt":{"rendered":"","protected":false},"author":32,"featured_media":0,"comment_status":"closed","ping_status":"closed","sticky":false,"template":"","format":"standard","meta":{"footnotes":""},"categories":[596],"tags":[],"class_list":["post-223805","post","type-post","status-publish","format-standard","","category-urgente"],"_links":{"self":[{"href":"https:\/\/archive.sana.sy\/es\/index.php?rest_route=\/wp\/v2\/posts\/223805"}],"collection":[{"href":"https:\/\/archive.sana.sy\/es\/index.php?rest_route=\/wp\/v2\/posts"}],"about":[{"href":"https:\/\/archive.sana.sy\/es\/index.php?rest_route=\/wp\/v2\/types\/post"}],"author":[{"embeddable":true,"href":"https:\/\/archive.sana.sy\/es\/index.php?rest_route=\/wp\/v2\/users\/32"}],"replies":[{"embeddable":true,"href":"https:\/\/archive.sana.sy\/es\/index.php?rest_route=%2Fwp%2Fv2%2Fcomments&post=223805"}],"version-history":[{"count":0,"href":"https:\/\/archive.sana.sy\/es\/index.php?rest_route=\/wp\/v2\/posts\/223805\/revisions"}],"wp:attachment":[{"href":"https:\/\/archive.sana.sy\/es\/index.php?rest_route=%2Fwp%2Fv2%2Fmedia&parent=223805"}],"wp:term":[{"taxonomy":"category","embeddable":true,"href":"https:\/\/archive.sana.sy\/es\/index.php?rest_route=%2Fwp%2Fv2%2Fcategories&post=223805"},{"taxonomy":"post_tag","embeddable":true,"href":"https:\/\/archive.sana.sy\/es\/index.php?rest_route=%2Fwp%2Fv2%2Ftags&post=223805"}],"curies":[{"name":"wp","href":"https:\/\/api.w.org\/{rel}","templated":true}]}}