{"id":22382,"date":"2015-05-02T17:11:45","date_gmt":"2015-05-02T14:11:45","guid":{"rendered":"http:\/\/www.sana.sy\/es\/?p=22382"},"modified":"2015-05-02T17:15:38","modified_gmt":"2015-05-02T14:15:38","slug":"desmienten-falsas-noticias-sobre-el-estado-de-salud-del-jefe-del-buro-de-seguridad-nacional","status":"publish","type":"post","link":"https:\/\/archive.sana.sy\/es\/?p=22382","title":{"rendered":"Desmienten falsas noticias sobre el estado de salud del jefe del Buro de Seguridad Nacional"},"content":{"rendered":"<p><span style=\"color: #800000\">Damasco, SANA<\/span><\/p>\n<p>Una fuente en el Ministerio de Informaci\u00f3n desminti\u00f3 las noticias difundidas por algunos medios de comunicaci\u00f3n y sitios web sobre el estado de salud del jefe del Buro de Seguridad Nacional, el mayor general Ali Mamlouk.<\/p>\n<p>La fuente asegur\u00f3 que el general Mamlouk no ha sufrido ning\u00fan problema de salud, y el mismo sigue cumpliendo sus misiones de forma normal.<\/p>\n<p>Asimismo, se\u00f1al\u00f3 que estos rumores forman parte de la campa\u00f1a de desinformaci\u00f3n desatada contra Siria.<\/p>\n<p>Lynn A., Fady M.<\/p>\n","protected":false},"excerpt":{"rendered":"<p>Damasco, SANA Una fuente en el Ministerio de Informaci\u00f3n desminti\u00f3 las noticias difundidas por algunos medios de comunicaci\u00f3n y sitios web sobre el estado de salud del jefe del Buro de Seguridad Nacional, el mayor general Ali Mamlouk. La fuente asegur\u00f3 que el general Mamlouk no ha sufrido ning\u00fan problema de salud, y el mismo &hellip;<\/p>\n","protected":false},"author":24,"featured_media":0,"comment_status":"closed","ping_status":"closed","sticky":false,"template":"","format":"standard","meta":{"footnotes":""},"categories":[597,573],"tags":[5093],"class_list":["post-22382","post","type-post","status-publish","format-standard","","category-cinta-de-noticias","category-la-realidad-de-los-acontecimientos-en-siria","tag-desmienten-falsas-noticias-sobre-el-estado-de-salud-del-jefe-del-buro-de-seguridad-nacional"],"_links":{"self":[{"href":"https:\/\/archive.sana.sy\/es\/index.php?rest_route=\/wp\/v2\/posts\/22382"}],"collection":[{"href":"https:\/\/archive.sana.sy\/es\/index.php?rest_route=\/wp\/v2\/posts"}],"about":[{"href":"https:\/\/archive.sana.sy\/es\/index.php?rest_route=\/wp\/v2\/types\/post"}],"author":[{"embeddable":true,"href":"https:\/\/archive.sana.sy\/es\/index.php?rest_route=\/wp\/v2\/users\/24"}],"replies":[{"embeddable":true,"href":"https:\/\/archive.sana.sy\/es\/index.php?rest_route=%2Fwp%2Fv2%2Fcomments&post=22382"}],"version-history":[{"count":0,"href":"https:\/\/archive.sana.sy\/es\/index.php?rest_route=\/wp\/v2\/posts\/22382\/revisions"}],"wp:attachment":[{"href":"https:\/\/archive.sana.sy\/es\/index.php?rest_route=%2Fwp%2Fv2%2Fmedia&parent=22382"}],"wp:term":[{"taxonomy":"category","embeddable":true,"href":"https:\/\/archive.sana.sy\/es\/index.php?rest_route=%2Fwp%2Fv2%2Fcategories&post=22382"},{"taxonomy":"post_tag","embeddable":true,"href":"https:\/\/archive.sana.sy\/es\/index.php?rest_route=%2Fwp%2Fv2%2Ftags&post=22382"}],"curies":[{"name":"wp","href":"https:\/\/api.w.org\/{rel}","templated":true}]}}