{"id":223824,"date":"2022-03-16T10:12:50","date_gmt":"2022-03-16T08:12:50","guid":{"rendered":"http:\/\/107.6.182.27\/es\/?p=223824"},"modified":"2023-01-10T16:37:30","modified_gmt":"2023-01-10T14:37:30","slug":"europa-tendra-que-pagar-por-el-dano-causado-a-sus-relacione-con-moscu-afirma-moscu","status":"publish","type":"post","link":"https:\/\/archive.sana.sy\/es\/?p=223824","title":{"rendered":"Europa tendr\u00e1 que pagar por el da\u00f1o causado a sus relacione con Mosc\u00fa, afirma Mosc\u00fa"},"content":{"rendered":"<p style=\"text-align: justify;\"><strong><span style=\"color: #800000;\">Mosc\u00fa, 16 mar (SANA)<\/span> \u00a0<\/strong>El director del Cuarto Departamento Europeo del Ministerio de Relaciones Exteriores de Rusia, Yury Plibson, dijo que la operaci\u00f3n militar rusa en Ucrania contin\u00faa y lograr\u00e1 sus objetivos.<\/p>\n<p style=\"text-align: justify;\">&#8220;Europa tendr\u00e1 que pagar el precio del da\u00f1o causado a sus intereses nacionales y a las relaciones bilaterales que se han desarrollado durante generaciones con Mosc\u00fa&#8221;, dijo Plebson en una entrevista con Sputnik.<\/p>\n<p style=\"text-align: justify;\">Anteriormente, el vicepresidente de la Duma del Estado ruso y jefe de la delegaci\u00f3n parlamentaria rusa en la Asamblea Parlamentaria del Consejo de Europa, Peter Tolstoy, anunci\u00f3 que se hab\u00eda tomado la decisi\u00f3n de la retirada de Rusia del Consejo de Europa, culpando a los pa\u00edses de la OTAN de socavar di\u00e1logo.<\/p>\n<p style=\"text-align: justify;\">Por otro lado, Plebson se\u00f1al\u00f3 que el suministro de armas a Ucrania por parte de Eslovenia y Croacia ser\u00eda un riesgo.<\/p>\n<p style=\"text-align: justify;\">fm\/ed<\/p>\n","protected":false},"excerpt":{"rendered":"<p>Mosc\u00fa, 16 mar (SANA) \u00a0El director del Cuarto Departamento Europeo del Ministerio de Relaciones Exteriores de Rusia, Yury Plibson, dijo que la operaci\u00f3n militar rusa en Ucrania contin\u00faa y lograr\u00e1 sus objetivos. &#8220;Europa tendr\u00e1 que pagar el precio del da\u00f1o causado a sus intereses nacionales y a las relaciones bilaterales que se han desarrollado durante &hellip;<\/p>\n","protected":false},"author":32,"featured_media":223825,"comment_status":"closed","ping_status":"closed","sticky":false,"template":"","format":"standard","meta":{"footnotes":""},"categories":[597,456,7541],"tags":[7016],"class_list":["post-223824","post","type-post","status-publish","format-standard","has-post-thumbnail","","category-cinta-de-noticias","category-arabe-internacional-politica","category-ultimas-noticias","tag-moscu"],"_links":{"self":[{"href":"https:\/\/archive.sana.sy\/es\/index.php?rest_route=\/wp\/v2\/posts\/223824"}],"collection":[{"href":"https:\/\/archive.sana.sy\/es\/index.php?rest_route=\/wp\/v2\/posts"}],"about":[{"href":"https:\/\/archive.sana.sy\/es\/index.php?rest_route=\/wp\/v2\/types\/post"}],"author":[{"embeddable":true,"href":"https:\/\/archive.sana.sy\/es\/index.php?rest_route=\/wp\/v2\/users\/32"}],"replies":[{"embeddable":true,"href":"https:\/\/archive.sana.sy\/es\/index.php?rest_route=%2Fwp%2Fv2%2Fcomments&post=223824"}],"version-history":[{"count":0,"href":"https:\/\/archive.sana.sy\/es\/index.php?rest_route=\/wp\/v2\/posts\/223824\/revisions"}],"wp:featuredmedia":[{"embeddable":true,"href":"https:\/\/archive.sana.sy\/es\/index.php?rest_route=\/wp\/v2\/media\/223825"}],"wp:attachment":[{"href":"https:\/\/archive.sana.sy\/es\/index.php?rest_route=%2Fwp%2Fv2%2Fmedia&parent=223824"}],"wp:term":[{"taxonomy":"category","embeddable":true,"href":"https:\/\/archive.sana.sy\/es\/index.php?rest_route=%2Fwp%2Fv2%2Fcategories&post=223824"},{"taxonomy":"post_tag","embeddable":true,"href":"https:\/\/archive.sana.sy\/es\/index.php?rest_route=%2Fwp%2Fv2%2Ftags&post=223824"}],"curies":[{"name":"wp","href":"https:\/\/api.w.org\/{rel}","templated":true}]}}