{"id":223832,"date":"2022-03-16T10:47:49","date_gmt":"2022-03-16T08:47:49","guid":{"rendered":"http:\/\/107.6.182.27\/es\/?p=223832"},"modified":"2023-01-10T16:37:29","modified_gmt":"2023-01-10T14:37:29","slug":"consejo-de-europa-se-convirtio-en-una-herramienta-para-implementar-las-campanas-de-desinformacion-de-la-otan-denuncia-zajarova","status":"publish","type":"post","link":"https:\/\/archive.sana.sy\/es\/?p=223832","title":{"rendered":"Consejo de Europa se convirti\u00f3 en una herramienta para implementar las campa\u00f1as de desinformaci\u00f3n de la OTAN, denuncia Zajarova"},"content":{"rendered":"<p style=\"text-align: justify;\"><strong><span style=\"color: #800000;\">Mosc\u00fa, 16 mar (SANA)\u00a0<\/span> <\/strong>\u00a0 La portavoz del Ministerio de Relaciones Exteriores de Rusia, Maria Zaj\u00e1rova, afirm\u00f3 que el Consejo de Europa se ha convertido en una herramienta para la propaganda de la OTAN y la implementaci\u00f3n de sus campa\u00f1as medi\u00e1ticas y pol\u00edticas.<\/p>\n<p style=\"text-align: justify;\">En una entrevista con la Radio Sputnik, Zaj\u00e1rova dijo que &#8220;durante mucho tiempo esta organizaci\u00f3n se ha convertido en una herramienta de propaganda de la OTAN&#8221; y enfatiz\u00f3 que Rusia no tiene nada que hacer en el Consejo de Europa mientras esta organizaci\u00f3n exista en su forma actual.<\/p>\n<p style=\"text-align: justify;\">Esta declaraci\u00f3n se produce despu\u00e9s de que el vicepresidente de la Duma estatal rusa, Pyotr Tolstoy, anunciara que Rusia hab\u00eda entregado al Consejo de Europa una carta del ministro de Relaciones Exteriores, Serg\u00e9i Lavrov, que contiene aviso de retirada de esta organizaci\u00f3n.<\/p>\n<p style=\"text-align: justify;\">fm\/ed<\/p>\n","protected":false},"excerpt":{"rendered":"<p>Mosc\u00fa, 16 mar (SANA)\u00a0 \u00a0 La portavoz del Ministerio de Relaciones Exteriores de Rusia, Maria Zaj\u00e1rova, afirm\u00f3 que el Consejo de Europa se ha convertido en una herramienta para la propaganda de la OTAN y la implementaci\u00f3n de sus campa\u00f1as medi\u00e1ticas y pol\u00edticas. En una entrevista con la Radio Sputnik, Zaj\u00e1rova dijo que &#8220;durante mucho &hellip;<\/p>\n","protected":false},"author":32,"featured_media":223834,"comment_status":"closed","ping_status":"closed","sticky":false,"template":"","format":"standard","meta":{"footnotes":""},"categories":[597,456,7541],"tags":[7016],"class_list":["post-223832","post","type-post","status-publish","format-standard","has-post-thumbnail","","category-cinta-de-noticias","category-arabe-internacional-politica","category-ultimas-noticias","tag-moscu"],"_links":{"self":[{"href":"https:\/\/archive.sana.sy\/es\/index.php?rest_route=\/wp\/v2\/posts\/223832"}],"collection":[{"href":"https:\/\/archive.sana.sy\/es\/index.php?rest_route=\/wp\/v2\/posts"}],"about":[{"href":"https:\/\/archive.sana.sy\/es\/index.php?rest_route=\/wp\/v2\/types\/post"}],"author":[{"embeddable":true,"href":"https:\/\/archive.sana.sy\/es\/index.php?rest_route=\/wp\/v2\/users\/32"}],"replies":[{"embeddable":true,"href":"https:\/\/archive.sana.sy\/es\/index.php?rest_route=%2Fwp%2Fv2%2Fcomments&post=223832"}],"version-history":[{"count":0,"href":"https:\/\/archive.sana.sy\/es\/index.php?rest_route=\/wp\/v2\/posts\/223832\/revisions"}],"wp:featuredmedia":[{"embeddable":true,"href":"https:\/\/archive.sana.sy\/es\/index.php?rest_route=\/wp\/v2\/media\/223834"}],"wp:attachment":[{"href":"https:\/\/archive.sana.sy\/es\/index.php?rest_route=%2Fwp%2Fv2%2Fmedia&parent=223832"}],"wp:term":[{"taxonomy":"category","embeddable":true,"href":"https:\/\/archive.sana.sy\/es\/index.php?rest_route=%2Fwp%2Fv2%2Fcategories&post=223832"},{"taxonomy":"post_tag","embeddable":true,"href":"https:\/\/archive.sana.sy\/es\/index.php?rest_route=%2Fwp%2Fv2%2Ftags&post=223832"}],"curies":[{"name":"wp","href":"https:\/\/api.w.org\/{rel}","templated":true}]}}