{"id":223833,"date":"2022-03-16T10:52:37","date_gmt":"2022-03-16T08:52:37","guid":{"rendered":"http:\/\/107.6.182.27\/es\/?p=223833"},"modified":"2023-01-10T16:37:29","modified_gmt":"2023-01-10T14:37:29","slug":"lavrov-la-actual-batalla-es-por-como-sera-el-orden-mundial","status":"publish","type":"post","link":"https:\/\/archive.sana.sy\/es\/?p=223833","title":{"rendered":"Lavrov: la actual batalla es por c\u00f3mo ser\u00e1 el orden mundial"},"content":{"rendered":"<p style=\"text-align: justify;\"><strong><span style=\"color: #800000;\">Mosc\u00fa, 16 mar (SANA)\u00a0<\/span><\/strong> \u00a0El ministro de Exteriores de Rusia, Serg\u00e9i Lavrov. dijo hoy que la situaci\u00f3n actual es hist\u00f3rica y la actual batalla es sobre c\u00f3mo se ver\u00e1 el orden mundial.<\/p>\n<p style=\"text-align: justify;\">&#8220;Este es un momento trascendental en la historia moderna, porque refleja la &#8216;batalla&#8217; en el sentido m\u00e1s amplio de la palabra sobre c\u00f3mo ser\u00e1 el orden mundial&#8221;, dijo el canciller en una entrevista con RBK TV.<\/p>\n<p style=\"text-align: justify;\">El jefe de la diplomacia rusa aclar\u00f3 que las negociaciones entre Rusia y Ucrania avanzan con dificultad, y Mosc\u00fa est\u00e1 dispuesto a examinar cualquier forma de garantizar la seguridad de Rusia, Ucrania y Europa, excepto la expansi\u00f3n de la OTAN.<\/p>\n<p style=\"text-align: justify;\">&#8220;Me gu\u00edo por las evaluaciones hechas por nuestros negociadores que constatan que las negociaciones no son f\u00e1ciles por razones obvias. No obstante, hay esperanza de alcanzar un consenso&#8221;, dijo.<\/p>\n<p style=\"text-align: justify;\">En este contexto, llam\u00f3 a que se d\u00e9 &#8220;la oportunidad a los negociadores de trabajar en un ambiente m\u00e1s relajado, sin provocar otra histeria&#8221;.<\/p>\n<p style=\"text-align: justify;\">Al comentar la posibilidad de otra reuni\u00f3n con su hom\u00f3logo ucraniano, Dmitri Kuleba, el canciller ruso subray\u00f3 que estas conversaciones dependen de la voluntad de la parte ucraniana.<\/p>\n<p style=\"text-align: justify;\">fm\/ed<\/p>\n","protected":false},"excerpt":{"rendered":"<p>Mosc\u00fa, 16 mar (SANA)\u00a0 \u00a0El ministro de Exteriores de Rusia, Serg\u00e9i Lavrov. dijo hoy que la situaci\u00f3n actual es hist\u00f3rica y la actual batalla es sobre c\u00f3mo se ver\u00e1 el orden mundial. &#8220;Este es un momento trascendental en la historia moderna, porque refleja la &#8216;batalla&#8217; en el sentido m\u00e1s amplio de la palabra sobre c\u00f3mo &hellip;<\/p>\n","protected":false},"author":32,"featured_media":223836,"comment_status":"closed","ping_status":"closed","sticky":false,"template":"","format":"standard","meta":{"footnotes":""},"categories":[597,456,7541],"tags":[],"class_list":["post-223833","post","type-post","status-publish","format-standard","has-post-thumbnail","","category-cinta-de-noticias","category-arabe-internacional-politica","category-ultimas-noticias"],"_links":{"self":[{"href":"https:\/\/archive.sana.sy\/es\/index.php?rest_route=\/wp\/v2\/posts\/223833"}],"collection":[{"href":"https:\/\/archive.sana.sy\/es\/index.php?rest_route=\/wp\/v2\/posts"}],"about":[{"href":"https:\/\/archive.sana.sy\/es\/index.php?rest_route=\/wp\/v2\/types\/post"}],"author":[{"embeddable":true,"href":"https:\/\/archive.sana.sy\/es\/index.php?rest_route=\/wp\/v2\/users\/32"}],"replies":[{"embeddable":true,"href":"https:\/\/archive.sana.sy\/es\/index.php?rest_route=%2Fwp%2Fv2%2Fcomments&post=223833"}],"version-history":[{"count":0,"href":"https:\/\/archive.sana.sy\/es\/index.php?rest_route=\/wp\/v2\/posts\/223833\/revisions"}],"wp:featuredmedia":[{"embeddable":true,"href":"https:\/\/archive.sana.sy\/es\/index.php?rest_route=\/wp\/v2\/media\/223836"}],"wp:attachment":[{"href":"https:\/\/archive.sana.sy\/es\/index.php?rest_route=%2Fwp%2Fv2%2Fmedia&parent=223833"}],"wp:term":[{"taxonomy":"category","embeddable":true,"href":"https:\/\/archive.sana.sy\/es\/index.php?rest_route=%2Fwp%2Fv2%2Fcategories&post=223833"},{"taxonomy":"post_tag","embeddable":true,"href":"https:\/\/archive.sana.sy\/es\/index.php?rest_route=%2Fwp%2Fv2%2Ftags&post=223833"}],"curies":[{"name":"wp","href":"https:\/\/api.w.org\/{rel}","templated":true}]}}