{"id":223838,"date":"2022-03-16T11:18:15","date_gmt":"2022-03-16T09:18:15","guid":{"rendered":"http:\/\/107.6.182.27\/es\/?p=223838"},"modified":"2023-01-10T16:37:29","modified_gmt":"2023-01-10T14:37:29","slug":"actualizacion-del-ministerio-de-defensa-de-rusia-sobre-avances-de-la-operacion-militar-especial-en-ucrania","status":"publish","type":"post","link":"https:\/\/archive.sana.sy\/es\/?p=223838","title":{"rendered":"Actualizaci\u00f3n del Ministerio de Defensa de Rusia sobre avances de la operaci\u00f3n militar especial en Ucrania"},"content":{"rendered":"<p style=\"text-align: justify;\"><strong><span style=\"color: #800000;\">Mosc\u00fa, 16 mar (SANA)<\/span><\/strong> El Ministerio de Defensa de Rusia ofreci\u00f3 hoy una actualizaci\u00f3n sobre los avances de la operaci\u00f3n militar especial en Ucrania.<\/p>\n<p style=\"text-align: justify;\">De acuerdo con el portavoz del Ministerio de Defensa de Rusia, \u00cdgor Konash\u00e9nkov, en las \u00faltimas 24 horas, los medios a\u00e9reos y de defensa antia\u00e9rea de las Fuerzas Aeroespaciales rusas derribaron dos aviones Su-25 ucranianos cerca de Chern\u00edgov, un MiG-29 cerca de N\u00f3vaya Bykovka y cuatro aeronaves no tripuladas.<\/p>\n<p style=\"text-align: justify;\">Asimismo, aeronaves t\u00e1cticas del Ej\u00e9rcito y drones destruyeron 128 objetos militares ucranianos, que incluyen un sistema antia\u00e9reo Buk-M1, un sistema Osa, cuatro estaciones de radar de detecci\u00f3n y designaci\u00f3n de objetivos, cuatro puestos de mando, siete dep\u00f3sitos de armas y municiones y 68 puntos de concentraci\u00f3n de equipos militares.<\/p>\n<p style=\"text-align: justify;\">Seg\u00fan el vocero, desde el inicio de la operaci\u00f3n militar especial se han destruido un total de 111 aviones, 68 helic\u00f3pteros, 160 veh\u00edculos a\u00e9reos no tripulados, 159 sistemas de misiles tierra-aire, 1.353 tanques y otros veh\u00edculos blindados, 129 lanzacohetes m\u00faltiples, 493 piezas de artiller\u00eda de campa\u00f1a y morteros, y 1.096 veh\u00edculos militares especiales.<\/p>\n<p style=\"text-align: justify;\">Por otro lado, el oficial indic\u00f3 que las fuerzas de la Rep\u00fablica Popular de Lugansk contin\u00faan su ofensiva, y los combates se van desarrollando en el noroeste, el noreste y el este de la ciudad de Severodonetsk.<\/p>\n<p style=\"text-align: justify;\">Mientras, las unidades de la Rep\u00fablica Popular de Donetsk han tomado el control de las localidades Mij\u00e1ilovka, Stavka, Botmanka, Vas\u00edlievka y est\u00e1n luchando por Verjnetor\u00e9tskoye.<\/p>\n<p>fm\/ed<\/p>\n","protected":false},"excerpt":{"rendered":"<p>Mosc\u00fa, 16 mar (SANA) El Ministerio de Defensa de Rusia ofreci\u00f3 hoy una actualizaci\u00f3n sobre los avances de la operaci\u00f3n militar especial en Ucrania. De acuerdo con el portavoz del Ministerio de Defensa de Rusia, \u00cdgor Konash\u00e9nkov, en las \u00faltimas 24 horas, los medios a\u00e9reos y de defensa antia\u00e9rea de las Fuerzas Aeroespaciales rusas derribaron &hellip;<\/p>\n","protected":false},"author":32,"featured_media":223840,"comment_status":"closed","ping_status":"closed","sticky":false,"template":"","format":"standard","meta":{"footnotes":""},"categories":[597,456,583],"tags":[20688,7016],"class_list":["post-223838","post","type-post","status-publish","format-standard","has-post-thumbnail","","category-cinta-de-noticias","category-arabe-internacional-politica","category-slide","tag-lugansk","tag-moscu"],"_links":{"self":[{"href":"https:\/\/archive.sana.sy\/es\/index.php?rest_route=\/wp\/v2\/posts\/223838"}],"collection":[{"href":"https:\/\/archive.sana.sy\/es\/index.php?rest_route=\/wp\/v2\/posts"}],"about":[{"href":"https:\/\/archive.sana.sy\/es\/index.php?rest_route=\/wp\/v2\/types\/post"}],"author":[{"embeddable":true,"href":"https:\/\/archive.sana.sy\/es\/index.php?rest_route=\/wp\/v2\/users\/32"}],"replies":[{"embeddable":true,"href":"https:\/\/archive.sana.sy\/es\/index.php?rest_route=%2Fwp%2Fv2%2Fcomments&post=223838"}],"version-history":[{"count":0,"href":"https:\/\/archive.sana.sy\/es\/index.php?rest_route=\/wp\/v2\/posts\/223838\/revisions"}],"wp:featuredmedia":[{"embeddable":true,"href":"https:\/\/archive.sana.sy\/es\/index.php?rest_route=\/wp\/v2\/media\/223840"}],"wp:attachment":[{"href":"https:\/\/archive.sana.sy\/es\/index.php?rest_route=%2Fwp%2Fv2%2Fmedia&parent=223838"}],"wp:term":[{"taxonomy":"category","embeddable":true,"href":"https:\/\/archive.sana.sy\/es\/index.php?rest_route=%2Fwp%2Fv2%2Fcategories&post=223838"},{"taxonomy":"post_tag","embeddable":true,"href":"https:\/\/archive.sana.sy\/es\/index.php?rest_route=%2Fwp%2Fv2%2Ftags&post=223838"}],"curies":[{"name":"wp","href":"https:\/\/api.w.org\/{rel}","templated":true}]}}