{"id":22384,"date":"2015-05-02T15:51:37","date_gmt":"2015-05-02T12:51:37","guid":{"rendered":"http:\/\/www.sana.sy\/es\/?p=22384"},"modified":"2015-05-03T14:03:00","modified_gmt":"2015-05-03T11:03:00","slug":"acto-central-con-motivo-del-dia-internacional-de-los-trabajadores","status":"publish","type":"post","link":"https:\/\/archive.sana.sy\/es\/?p=22384","title":{"rendered":"Acto central con motivo del D\u00eda Internacional de los Trabajadores"},"content":{"rendered":"<p><span style=\"color: #800000\">Damasco, SANA<\/span><\/p>\n<p style=\"text-align: justify\">La Federaci\u00f3n General de Sindicatos de Trabajadores celebr\u00f3 este s\u00e1bado un acto central con motivo del D\u00eda Internacional de los Trabajadores.<\/p>\n<p style=\"text-align: justify\">El evento cont\u00f3 con la presencia del subsecretario general del partido Baath \u00c1rabe Socialista, Hilal al-Hilal, el primer ministro, Wael al-Halaqui, un n\u00famero de ministros y miembros de la Direcci\u00f3n Regional del Partido Baath, adem\u00e1s de otras destacadas figuras pol\u00edticas.<\/p>\n<p style=\"text-align: justify\">El presidente de la Federaci\u00f3n General de Sindicatos de Trabajadores, Yamal al-Qadiri, destac\u00f3 la necesidad de que la clase obrera redoble sus esfuerzos para aumentar la producci\u00f3n y reanudar la producci\u00f3n en las instalaciones industriales afectadas por el terrorismo.<\/p>\n<p style=\"text-align: justify\">Al-Qadiri resalt\u00f3 que la clase obrera se encuentra al lado del ej\u00e9rcito sirio en su lucha antiterrorista, haciendo hincapi\u00e9 en que la nueva direcci\u00f3n sindical trabaja para resolver los problemas y las dificultades de vida que sufre la clase obrera debido a la injusta guerra librada contra Siria.<\/p>\n<p style=\"text-align: justify\">Por su parte, el ministro de Industria, Kamal Tomeh, hizo referencia al inter\u00e9s concedido por el gobierno a los obreros y las legislaciones emitidas para resolver sus problemas y mejorar su nivel de vida.<\/p>\n<p style=\"text-align: justify\">Asimismo, resalt\u00f3 el papel de la Uni\u00f3n General de Sindicatos de Obreros en el proceso de rehabilitaci\u00f3n del sector p\u00fablico, sobre todo el industrial.<\/p>\n<p style=\"text-align: justify\">Por su parte, el primer ministro al-Halqui dijo que los trabajadores de Siria han demostrado que son los defensores reales del pa\u00eds, junto con el ej\u00e9rcito sirio, agregando\u00a0 que el apoyo del pueblo a su ej\u00e9rcito traer\u00e1 la victoria y la reconstrucci\u00f3n del pa\u00eds.<\/p>\n<p>En declaraciones a los periodistas tras el evento, al-Halqui dijo que los trabajadores participan en idear las pol\u00edticas econ\u00f3micas y de desarrollo con el objetivo de mejorar el nivel de vida, y las capacidades econ\u00f3micas\u00a0 del Estado.<\/p>\n<p>Al concluir el festival, los trabajadores transmitieron una lealtad y apoyo al presidente Bashar al-Assad, haciendo hincapi\u00e9 en que se unen bajo su liderazgo y que est\u00e1n dispuestos a luchar contra el terrorismo.<\/p>\n<p>&nbsp;<\/p>\n<p>Lynn A., Fady\/ M.Miri, Riad. Sh<\/p>\n","protected":false},"excerpt":{"rendered":"<p>Damasco, SANA La Federaci\u00f3n General de Sindicatos de Trabajadores celebr\u00f3 este s\u00e1bado un acto central con motivo del D\u00eda Internacional de los Trabajadores. El evento cont\u00f3 con la presencia del subsecretario general del partido Baath \u00c1rabe Socialista, Hilal al-Hilal, el primer ministro, Wael al-Halaqui, un n\u00famero de ministros y miembros de la Direcci\u00f3n Regional del &hellip;<\/p>\n","protected":false},"author":24,"featured_media":22385,"comment_status":"closed","ping_status":"closed","sticky":false,"template":"","format":"standard","meta":{"footnotes":""},"categories":[477,476],"tags":[5094],"class_list":["post-22384","post","type-post","status-publish","format-standard","has-post-thumbnail","","category-noticias-edulcorantes","category-locales","tag-acto-central-con-motivo-del-dia-internacional-de-los-trabajadores"],"_links":{"self":[{"href":"https:\/\/archive.sana.sy\/es\/index.php?rest_route=\/wp\/v2\/posts\/22384"}],"collection":[{"href":"https:\/\/archive.sana.sy\/es\/index.php?rest_route=\/wp\/v2\/posts"}],"about":[{"href":"https:\/\/archive.sana.sy\/es\/index.php?rest_route=\/wp\/v2\/types\/post"}],"author":[{"embeddable":true,"href":"https:\/\/archive.sana.sy\/es\/index.php?rest_route=\/wp\/v2\/users\/24"}],"replies":[{"embeddable":true,"href":"https:\/\/archive.sana.sy\/es\/index.php?rest_route=%2Fwp%2Fv2%2Fcomments&post=22384"}],"version-history":[{"count":0,"href":"https:\/\/archive.sana.sy\/es\/index.php?rest_route=\/wp\/v2\/posts\/22384\/revisions"}],"wp:featuredmedia":[{"embeddable":true,"href":"https:\/\/archive.sana.sy\/es\/index.php?rest_route=\/wp\/v2\/media\/22385"}],"wp:attachment":[{"href":"https:\/\/archive.sana.sy\/es\/index.php?rest_route=%2Fwp%2Fv2%2Fmedia&parent=22384"}],"wp:term":[{"taxonomy":"category","embeddable":true,"href":"https:\/\/archive.sana.sy\/es\/index.php?rest_route=%2Fwp%2Fv2%2Fcategories&post=22384"},{"taxonomy":"post_tag","embeddable":true,"href":"https:\/\/archive.sana.sy\/es\/index.php?rest_route=%2Fwp%2Fv2%2Ftags&post=22384"}],"curies":[{"name":"wp","href":"https:\/\/api.w.org\/{rel}","templated":true}]}}