{"id":22392,"date":"2015-05-02T16:04:58","date_gmt":"2015-05-02T13:04:58","guid":{"rendered":"http:\/\/www.sana.sy\/es\/?p=22392"},"modified":"2015-05-02T16:09:36","modified_gmt":"2015-05-02T13:09:36","slug":"pone-en-marcha-una-iniciativa-para-ensenar-musica-en-linea","status":"publish","type":"post","link":"https:\/\/archive.sana.sy\/es\/?p=22392","title":{"rendered":"Ponen en marcha una iniciativa para ense\u00f1ar m\u00fasica en l\u00ednea"},"content":{"rendered":"<p><span style=\"color: #800000\">Damasco, SANA<\/span><\/p>\n<p>Awtar online (Acordes) se puso en marcha el viernes pasado despu\u00e9s de un per\u00edodo de prueba de dos a\u00f1os.<\/p>\n<p>Se trata de una academia que se dedica a ense\u00f1ar m\u00fasica en l\u00ednea. Su fundador, el m\u00fasico Joan Qarahyoli, dijo que la mayor\u00eda de las ciudades sirias se encuentran en necesidad de institutos de ense\u00f1anza de m\u00fasica especialmente en las zonas rurales, destacando la importancia de que la m\u00fasica est\u00e9 al alcance de todos.<\/p>\n<p>&#8220;El a\u00f1o acad\u00e9mico para cada estudiante comienza una vez que se une a la Academia. La Academia da a cada estudiante un certificado que muestra los a\u00f1os de estudio, a que no sean menores de tres a\u00f1os consecutivos&#8221;, aclar\u00f3 Qarahyoli, a\u00f1adiendo que los primeros dos a\u00f1os son gratuitos.<\/p>\n<p>La Academia ense\u00f1a solfeo con las teor\u00edas de la m\u00fasica, la armon\u00eda y las teor\u00edas de la m\u00fasica \u00e1rabe, adem\u00e1s de ense\u00f1ar a tocar el alud, la guitarra, el piano, la c\u00edtara y la flauta y canto.<\/p>\n<p>Lynn A., Fady M.<\/p>\n","protected":false},"excerpt":{"rendered":"<p>Damasco, SANA Awtar online (Acordes) se puso en marcha el viernes pasado despu\u00e9s de un per\u00edodo de prueba de dos a\u00f1os. Se trata de una academia que se dedica a ense\u00f1ar m\u00fasica en l\u00ednea. Su fundador, el m\u00fasico Joan Qarahyoli, dijo que la mayor\u00eda de las ciudades sirias se encuentran en necesidad de institutos de &hellip;<\/p>\n","protected":false},"author":24,"featured_media":22393,"comment_status":"closed","ping_status":"closed","sticky":false,"template":"","format":"standard","meta":{"footnotes":""},"categories":[510,515],"tags":[5097],"class_list":["post-22392","post","type-post","status-publish","format-standard","has-post-thumbnail","","category-arte-y-cultura","category-noticias-arte-y-cultura","tag-ponen-en-marcha-una-iniciativa-para-ensenar-musica-en-linea"],"_links":{"self":[{"href":"https:\/\/archive.sana.sy\/es\/index.php?rest_route=\/wp\/v2\/posts\/22392"}],"collection":[{"href":"https:\/\/archive.sana.sy\/es\/index.php?rest_route=\/wp\/v2\/posts"}],"about":[{"href":"https:\/\/archive.sana.sy\/es\/index.php?rest_route=\/wp\/v2\/types\/post"}],"author":[{"embeddable":true,"href":"https:\/\/archive.sana.sy\/es\/index.php?rest_route=\/wp\/v2\/users\/24"}],"replies":[{"embeddable":true,"href":"https:\/\/archive.sana.sy\/es\/index.php?rest_route=%2Fwp%2Fv2%2Fcomments&post=22392"}],"version-history":[{"count":0,"href":"https:\/\/archive.sana.sy\/es\/index.php?rest_route=\/wp\/v2\/posts\/22392\/revisions"}],"wp:featuredmedia":[{"embeddable":true,"href":"https:\/\/archive.sana.sy\/es\/index.php?rest_route=\/wp\/v2\/media\/22393"}],"wp:attachment":[{"href":"https:\/\/archive.sana.sy\/es\/index.php?rest_route=%2Fwp%2Fv2%2Fmedia&parent=22392"}],"wp:term":[{"taxonomy":"category","embeddable":true,"href":"https:\/\/archive.sana.sy\/es\/index.php?rest_route=%2Fwp%2Fv2%2Fcategories&post=22392"},{"taxonomy":"post_tag","embeddable":true,"href":"https:\/\/archive.sana.sy\/es\/index.php?rest_route=%2Fwp%2Fv2%2Ftags&post=22392"}],"curies":[{"name":"wp","href":"https:\/\/api.w.org\/{rel}","templated":true}]}}