{"id":223924,"date":"2022-03-16T21:15:41","date_gmt":"2022-03-16T19:15:41","guid":{"rendered":"http:\/\/107.6.182.27\/es\/?p=223924"},"modified":"2023-01-10T14:19:28","modified_gmt":"2023-01-10T12:19:28","slug":"siria-emite-declaracion-por-el-paso-de-11-anos-de-la-guerra-impuesta-al-pai","status":"publish","type":"post","link":"https:\/\/archive.sana.sy\/es\/?p=223924","title":{"rendered":"Siria emite declaraci\u00f3n por el paso de 11 a\u00f1os de la guerra impuesta al pa\u00eds"},"content":{"rendered":"<p style=\"text-align: justify;\"><span style=\"color: #800000;\"><strong>Damasco, 16 mar (SANA)<\/strong><\/span> Una fuente del Ministerio de Exteriores y Expatriados declar\u00f3 hoy que los pa\u00edses hostiles a Siria, cuyo proyecto terrorista sufri\u00f3 una contundente derrota, han sido incapaces de imponer condiciones o dictados a los sirios.<\/p>\n<p style=\"text-align: justify;\">\u201cPasaron once a\u00f1os ya desde el comienzo de la agresi\u00f3n terrorista apoyada por EE.UU. y los pa\u00edses occidentales contra Siria, cuyo objetivo principal era obstruir el renacimiento cultural, econ\u00f3mico y social de Siria y, destruir sus logros e infraestructura, adem\u00e1s del derramamiento de la sangre de un gran n\u00famero de j\u00f3venes sirios defensores de su dignidad, soberan\u00eda y unidad\u201d, apunt\u00f3 Canciller\u00eda por medio de un comunicado.<\/p>\n<p style=\"text-align: justify;\">La fuente agreg\u00f3 que a pesar del fracaso de la conspiraci\u00f3n contra Siria y el colapso del proyecto hostil y la derrota que el Ej\u00e9rcito \u00c1rabe Sirio infligi\u00f3 a los grupos terroristas y sus operadores, los pa\u00edses que conspiran contra Siria todav\u00eda viven en las ilusiones desconectados por completo de la realidad.<\/p>\n<p style=\"text-align: justify;\">En cuanto a la crisis en Ucrania, la fuente aclar\u00f3 que la flagrante intervenci\u00f3n de Estados Unidos y Occidente en Ucrania mostr\u00f3 su responsabilidad por lo que est\u00e1 sucediendo en los \u00faltimos d\u00edas para servir a sus estrechos intereses y su deseo de dominar los recursos del mundo.<\/p>\n<p>&nbsp;<\/p>\n<p>mm\/fm<\/p>\n","protected":false},"excerpt":{"rendered":"<p>Damasco, 16 mar (SANA) Una fuente del Ministerio de Exteriores y Expatriados declar\u00f3 hoy que los pa\u00edses hostiles a Siria, cuyo proyecto terrorista sufri\u00f3 una contundente derrota, han sido incapaces de imponer condiciones o dictados a los sirios. \u201cPasaron once a\u00f1os ya desde el comienzo de la agresi\u00f3n terrorista apoyada por EE.UU. y los pa\u00edses &hellip;<\/p>\n","protected":false},"author":36,"featured_media":223925,"comment_status":"closed","ping_status":"closed","sticky":false,"template":"","format":"standard","meta":{"footnotes":""},"categories":[477,447,597,476,583],"tags":[],"class_list":["post-223924","post","type-post","status-publish","format-standard","has-post-thumbnail","","category-noticias-edulcorantes","category-local-politica","category-cinta-de-noticias","category-locales","category-slide"],"_links":{"self":[{"href":"https:\/\/archive.sana.sy\/es\/index.php?rest_route=\/wp\/v2\/posts\/223924"}],"collection":[{"href":"https:\/\/archive.sana.sy\/es\/index.php?rest_route=\/wp\/v2\/posts"}],"about":[{"href":"https:\/\/archive.sana.sy\/es\/index.php?rest_route=\/wp\/v2\/types\/post"}],"author":[{"embeddable":true,"href":"https:\/\/archive.sana.sy\/es\/index.php?rest_route=\/wp\/v2\/users\/36"}],"replies":[{"embeddable":true,"href":"https:\/\/archive.sana.sy\/es\/index.php?rest_route=%2Fwp%2Fv2%2Fcomments&post=223924"}],"version-history":[{"count":0,"href":"https:\/\/archive.sana.sy\/es\/index.php?rest_route=\/wp\/v2\/posts\/223924\/revisions"}],"wp:featuredmedia":[{"embeddable":true,"href":"https:\/\/archive.sana.sy\/es\/index.php?rest_route=\/wp\/v2\/media\/223925"}],"wp:attachment":[{"href":"https:\/\/archive.sana.sy\/es\/index.php?rest_route=%2Fwp%2Fv2%2Fmedia&parent=223924"}],"wp:term":[{"taxonomy":"category","embeddable":true,"href":"https:\/\/archive.sana.sy\/es\/index.php?rest_route=%2Fwp%2Fv2%2Fcategories&post=223924"},{"taxonomy":"post_tag","embeddable":true,"href":"https:\/\/archive.sana.sy\/es\/index.php?rest_route=%2Fwp%2Fv2%2Ftags&post=223924"}],"curies":[{"name":"wp","href":"https:\/\/api.w.org\/{rel}","templated":true}]}}